{"id":45391,"date":"2025-08-23T18:20:00","date_gmt":"2025-08-23T21:20:00","guid":{"rendered":"https:\/\/noticiasdestaque.com.br\/index.php\/2025\/08\/23\/previsao-do-tempo-instabilidades-avancam-e-chuva-atinge-parte-do-sudeste\/"},"modified":"2025-08-23T18:20:00","modified_gmt":"2025-08-23T21:20:00","slug":"previsao-do-tempo-instabilidades-avancam-e-chuva-atinge-parte-do-sudeste","status":"publish","type":"post","link":"https:\/\/noticiasdestaque.com.br\/index.php\/2025\/08\/23\/previsao-do-tempo-instabilidades-avancam-e-chuva-atinge-parte-do-sudeste\/","title":{"rendered":"PREVIS\u00c3O DO TEMPO: Instabilidades avan\u00e7am e chuva atinge parte do Sudeste"},"content":{"rendered":"<p>\t\t\t\t\t\t\t\t\t\t<audio controls class=\"b61_audio_player\" data-noticia=\"84169\" src=\"https:\/\/brasil61.com\/rails\/active_storage\/blobs\/eyJfcmFpbHMiOnsibWVzc2FnZSI6IkJBaHBBL0tOQXc9PSIsImV4cCI6bnVsbCwicHVyIjoiYmxvYl9pZCJ9fQ==--ceeb76f0acdb8adbd3689760150ebbf28c8f8528\/PTSD254163A\"><\/audio><\/p>\n<p>O domingo (24) ser\u00e1 de mudan\u00e7as no tempo em parte do Sudeste. Em <strong>S\u00e3o Paulo<\/strong>, \u00e1reas de instabilidade favorecem a forma\u00e7\u00e3o de nuvens carregadas, com previs\u00e3o de pancadas de chuva em quase todo o estado, principalmente no interior e no litoral. Apesar da chuva, as temperaturas permanecem elevadas.<\/p>\n<p>Em <strong>Minas Gerais<\/strong>, o tempo continua firme na maior parte do territ\u00f3rio, com destaque para o Tri\u00e2ngulo, Norte e Centro, onde a baixa umidade do ar exige aten\u00e7\u00e3o especial com a sa\u00fade.<\/p>\n<p>No <strong>Rio de Janeiro<\/strong>, o calor segue predominando, com sol forte e varia\u00e7\u00e3o de nuvens, sem previs\u00e3o de chuva.<\/p>\n<p>J\u00e1 no<strong> Esp\u00edrito Santo<\/strong>, o domingo ser\u00e1 de estabilidade, com c\u00e9u aberto, temperaturas em eleva\u00e7\u00e3o e ar seco em boa parte do estado.<\/p>\n<p>Entre as capitais, a menor temperatura \u00e9 prevista para <strong>S\u00e3o Paulo,<\/strong> com m\u00ednima de 16\u00b0C. A m\u00e1xima pode chegar a 31\u00b0C, em <strong>Vit\u00f3ria<\/strong>. A umidade relativa do ar varia entre 25% e 100%, com os menores \u00edndices nas \u00e1reas do interior paulista e mineiro.<\/p>\n<p>\nAs informa\u00e7\u00f5es s\u00e3o do Instituto Nacional de Meteorologia (<a href=\"https:\/\/portal.inmet.gov.br\/\" target=\"_blank\">Inmet<\/a>).<br \/>\n\u00a0<\/p>\n<p>\t\t\t\t\t\t\t\t\t<img loading=\"lazy\" decoding=\"async\" src=\"https:\/\/brasil61.com\/api\/v1\/serve_pixel\/17677\/84169\" alt=\"Pixel Brasil 61\" class=\"b61_pixel\" width=\"0\" height=\"0\"><\/p>\n<input type=\"hidden\" id=\"baseurl\" value=\"https:\/\/noticiasdestaque.com.br\"><input type=\"hidden\" id=\"audio_nonce\" value=\"6f73a554f1\">","protected":false},"excerpt":{"rendered":"<p>O domingo ser\u00e1 marcado por pancadas de chuva em \u00e1reas de S\u00e3o Paulo, mas calor e tempo seco persistem em outros estados da regi\u00e3o<\/p>\n","protected":false},"author":1,"featured_media":45392,"comment_status":"open","ping_status":"open","sticky":false,"template":"","format":"standard","meta":{"fifu_image_url":"","fifu_image_alt":"","footnotes":""},"categories":[58],"tags":[],"class_list":["post-45391","post","type-post","status-publish","format-standard","has-post-thumbnail","hentry","category-cotidiano"],"distributor_meta":false,"distributor_terms":false,"distributor_media":false,"distributor_original_site_name":"Noticias em Destaque","distributor_original_site_url":"https:\/\/noticiasdestaque.com.br","push-errors":false,"_links":{"self":[{"href":"https:\/\/noticiasdestaque.com.br\/index.php\/wp-json\/wp\/v2\/posts\/45391","targetHints":{"allow":["GET"]}}],"collection":[{"href":"https:\/\/noticiasdestaque.com.br\/index.php\/wp-json\/wp\/v2\/posts"}],"about":[{"href":"https:\/\/noticiasdestaque.com.br\/index.php\/wp-json\/wp\/v2\/types\/post"}],"author":[{"embeddable":true,"href":"https:\/\/noticiasdestaque.com.br\/index.php\/wp-json\/wp\/v2\/users\/1"}],"replies":[{"embeddable":true,"href":"https:\/\/noticiasdestaque.com.br\/index.php\/wp-json\/wp\/v2\/comments?post=45391"}],"version-history":[{"count":0,"href":"https:\/\/noticiasdestaque.com.br\/index.php\/wp-json\/wp\/v2\/posts\/45391\/revisions"}],"wp:featuredmedia":[{"embeddable":true,"href":"https:\/\/noticiasdestaque.com.br\/index.php\/wp-json\/wp\/v2\/media\/45392"}],"wp:attachment":[{"href":"https:\/\/noticiasdestaque.com.br\/index.php\/wp-json\/wp\/v2\/media?parent=45391"}],"wp:term":[{"taxonomy":"category","embeddable":true,"href":"https:\/\/noticiasdestaque.com.br\/index.php\/wp-json\/wp\/v2\/categories?post=45391"},{"taxonomy":"post_tag","embeddable":true,"href":"https:\/\/noticiasdestaque.com.br\/index.php\/wp-json\/wp\/v2\/tags?post=45391"}],"curies":[{"name":"wp","href":"https:\/\/api.w.org\/{rel}","templated":true}]}}