{"id":45389,"date":"2025-08-23T18:10:00","date_gmt":"2025-08-23T21:10:00","guid":{"rendered":"https:\/\/noticiasdestaque.com.br\/index.php\/2025\/08\/23\/previsao-do-tempo-chuva-atinge-parte-da-regiao-norte-mas-demais-areas-seguem-com-tempo-firme\/"},"modified":"2025-08-23T18:10:00","modified_gmt":"2025-08-23T21:10:00","slug":"previsao-do-tempo-chuva-atinge-parte-da-regiao-norte-mas-demais-areas-seguem-com-tempo-firme","status":"publish","type":"post","link":"https:\/\/noticiasdestaque.com.br\/index.php\/2025\/08\/23\/previsao-do-tempo-chuva-atinge-parte-da-regiao-norte-mas-demais-areas-seguem-com-tempo-firme\/","title":{"rendered":"PREVIS\u00c3O DO TEMPO: Chuva atinge parte da Regi\u00e3o Norte, mas demais \u00e1reas seguem com tempo firme"},"content":{"rendered":"<p>\t\t\t\t\t\t\t\t\t\t<audio controls class=\"b61_audio_player\" data-noticia=\"84172\" src=\"https:\/\/brasil61.com\/rails\/active_storage\/blobs\/eyJfcmFpbHMiOnsibWVzc2FnZSI6IkJBaHBBKytOQXc9PSIsImV4cCI6bnVsbCwicHVyIjoiYmxvYl9pZCJ9fQ==--692ef7507e4511cbb08b7c4b66b2da6506682000\/PTRN254528A\"><\/audio><\/p>\n<p>O domingo (24) ser\u00e1 marcado por instabilidades mais restritas na Regi\u00e3o Norte. As pancadas de chuva ocorrem no norte do <strong>Par\u00e1<\/strong>, principalmente durante a tarde e a noite, podendo vir acompanhadas de trovoadas isoladas.<\/p>\n<p>No <strong>Amazonas, Roraima\u00a0<\/strong>e <strong>Acre<\/strong>, o tempo segue inst\u00e1vel em algumas \u00e1reas, com precipita\u00e7\u00f5es alternadas por per\u00edodos de sol.<\/p>\n<p>No <strong>Tocantins <\/strong>e em <strong>Rond\u00f4nia<\/strong>, o tempo ser\u00e1 firme, com predom\u00ednio de sol, calor intenso e baixa umidade relativa do ar durante a tarde.<\/p>\n<p>Entre as capitais, a temperatura m\u00ednima prevista \u00e9 de 22\u00b0C, em <strong>Palmas <\/strong>e <strong>Bel\u00e9m;<\/strong>\u00a0j\u00e1 a m\u00e1xima est\u00e1 prevista para <strong>Porto Velho,\u00a0<\/strong>com 39\u00b0C. A umidade relativa do ar varia entre 30% e 100%.<\/p>\n<p>\nAs informa\u00e7\u00f5es s\u00e3o do Instituto Nacional de Meteorologia (<a href=\"https:\/\/portal.inmet.gov.br\/\" target=\"_blank\">Inmet<\/a>).<br \/>\n\u00a0<\/p>\n<p>\t\t\t\t\t\t\t\t\t<img loading=\"lazy\" decoding=\"async\" src=\"https:\/\/brasil61.com\/api\/v1\/serve_pixel\/17677\/84172\" alt=\"Pixel Brasil 61\" class=\"b61_pixel\" width=\"0\" height=\"0\"><\/p>\n<input type=\"hidden\" id=\"baseurl\" value=\"https:\/\/noticiasdestaque.com.br\"><input type=\"hidden\" id=\"audio_nonce\" value=\"6f73a554f1\">","protected":false},"excerpt":{"rendered":"<p>Instabilidades se concentram no norte da regi\u00e3o, enquanto outros estados permanecem com sol e calor<\/p>\n","protected":false},"author":1,"featured_media":45390,"comment_status":"open","ping_status":"open","sticky":false,"template":"","format":"standard","meta":{"fifu_image_url":"","fifu_image_alt":"","footnotes":""},"categories":[58],"tags":[],"class_list":["post-45389","post","type-post","status-publish","format-standard","has-post-thumbnail","hentry","category-cotidiano"],"distributor_meta":false,"distributor_terms":false,"distributor_media":false,"distributor_original_site_name":"Noticias em Destaque","distributor_original_site_url":"https:\/\/noticiasdestaque.com.br","push-errors":false,"_links":{"self":[{"href":"https:\/\/noticiasdestaque.com.br\/index.php\/wp-json\/wp\/v2\/posts\/45389","targetHints":{"allow":["GET"]}}],"collection":[{"href":"https:\/\/noticiasdestaque.com.br\/index.php\/wp-json\/wp\/v2\/posts"}],"about":[{"href":"https:\/\/noticiasdestaque.com.br\/index.php\/wp-json\/wp\/v2\/types\/post"}],"author":[{"embeddable":true,"href":"https:\/\/noticiasdestaque.com.br\/index.php\/wp-json\/wp\/v2\/users\/1"}],"replies":[{"embeddable":true,"href":"https:\/\/noticiasdestaque.com.br\/index.php\/wp-json\/wp\/v2\/comments?post=45389"}],"version-history":[{"count":0,"href":"https:\/\/noticiasdestaque.com.br\/index.php\/wp-json\/wp\/v2\/posts\/45389\/revisions"}],"wp:featuredmedia":[{"embeddable":true,"href":"https:\/\/noticiasdestaque.com.br\/index.php\/wp-json\/wp\/v2\/media\/45390"}],"wp:attachment":[{"href":"https:\/\/noticiasdestaque.com.br\/index.php\/wp-json\/wp\/v2\/media?parent=45389"}],"wp:term":[{"taxonomy":"category","embeddable":true,"href":"https:\/\/noticiasdestaque.com.br\/index.php\/wp-json\/wp\/v2\/categories?post=45389"},{"taxonomy":"post_tag","embeddable":true,"href":"https:\/\/noticiasdestaque.com.br\/index.php\/wp-json\/wp\/v2\/tags?post=45389"}],"curies":[{"name":"wp","href":"https:\/\/api.w.org\/{rel}","templated":true}]}}