{"id":45383,"date":"2025-08-23T03:30:00","date_gmt":"2025-08-23T06:30:00","guid":{"rendered":"https:\/\/noticiasdestaque.com.br\/index.php\/2025\/08\/23\/senado-aprova-projeto-que-cria-frente-parlamentar-das-terras-raras\/"},"modified":"2025-08-23T03:30:00","modified_gmt":"2025-08-23T06:30:00","slug":"senado-aprova-projeto-que-cria-frente-parlamentar-das-terras-raras","status":"publish","type":"post","link":"https:\/\/noticiasdestaque.com.br\/index.php\/2025\/08\/23\/senado-aprova-projeto-que-cria-frente-parlamentar-das-terras-raras\/","title":{"rendered":"Senado aprova projeto que cria Frente Parlamentar das Terras Raras"},"content":{"rendered":"<p>O <strong>Congresso Nacional<\/strong> aprovou decreto do <strong>Projeto de Resolu\u00e7\u00e3o n\u00ba31\/2025<\/strong> que institui a<strong> Frente Parlamentar em Defesa das Terras Raras Brasileiras<\/strong> no \u00e2mbito do <strong>Senado Federal<\/strong>. A Frente ser\u00e1 um \u00f3rg\u00e3o suprapartid\u00e1rio composto por senadores que assinarem sua constitui\u00e7\u00e3o e ter\u00e1 regulamento pr\u00f3prio, com reuni\u00f5es que poder\u00e3o ocorrer no Senado ou em outros locais do Brasil.<\/p>\n<p>A<strong> Frente Parlamentar em Defesa das Terras Raras Brasileiras <\/strong>tem como objetivo promover debates sobre a explora\u00e7\u00e3o sustent\u00e1vel das terras raras no Brasil; Fortalecer a soberania nacional sobre esses recursos estrat\u00e9gicos; Incentivar a agrega\u00e7\u00e3o de valor no territ\u00f3rio nacional, evitando a exporta\u00e7\u00e3o de mat\u00e9ria-prima bruta; Apoiar pol\u00edticas p\u00fablicas de pesquisa, inova\u00e7\u00e3o e capacita\u00e7\u00e3o; Propor e monitorar o marco regulat\u00f3rio do setor; Fortalecer a posi\u00e7\u00e3o do Brasil na cadeia global de terras raras; Garantir seguran\u00e7a jur\u00eddica e atratividade para investimentos; Acompanhar e propor a\u00e7\u00f5es de governan\u00e7a e fiscaliza\u00e7\u00e3o do setor e Articular a cria\u00e7\u00e3o de um Plano Nacional de Terras Raras.<\/p>\n<p>O Senado Federal prestar\u00e1 colabora\u00e7\u00e3o \u00e0s atividades desenvolvidas pela <strong>Frente Parlamentar em Defesa das Terras Raras Brasileiras no Senado e o PRS n\u00ba31\/2025<\/strong> j\u00e1 est\u00e1 em vigor. A cria\u00e7\u00e3o da Frente Parlamentar em Defesa das Terras Raras Brasileiras no \u00e2mbito do Senado Federal \u00e9 justificada pela import\u00e2ncia estrat\u00e9gica, econ\u00f4mica, ambiental e tecnol\u00f3gica que os elementos conhecidos como terras raras v\u00eam assumindo no cen\u00e1rio global. Esses minerais s\u00e3o insumos essenciais na produ\u00e7\u00e3o de componentes de alta tecnologia, tais como \u00edm\u00e3s permanentes, baterias recarreg\u00e1veis, turbinas e\u00f3licas, pain\u00e9is solares, semicondutores, equipamentos m\u00e9dicos, sistemas de defesa e dispositivos eletr\u00f4nicos em geral.<\/p>\n<p>O Brasil figura entre os pa\u00edses com maior potencial geol\u00f3gico para explora\u00e7\u00e3o de terras raras, especialmente nas regi\u00f5es Norte, Sudeste e Centro-Oeste, com dep\u00f3sitos relevantes em estados como Amazonas, Minas Gerais, Goi\u00e1s e Bahia. Apesar disso, o pa\u00eds ainda ocupa posi\u00e7\u00e3o marginal na cadeia global de produ\u00e7\u00e3o e beneficiamento desses elementos, exportando eventualmente mat\u00e9ria-prima sem processamento e sem agregar valor, o que representa perda de oportunidades industriais, tecnol\u00f3gicas e de gera\u00e7\u00e3o de emprego qualificado. Al\u00e9m disso, a concentra\u00e7\u00e3o da cadeia global de terras raras em poucos pa\u00edses acarreta risco geopol\u00edtico e depend\u00eancia estrat\u00e9gica, situa\u00e7\u00e3o que tem levado diversas na\u00e7\u00f5es a buscar alternativas de diversifica\u00e7\u00e3o de fornecedores e fortalecimento de sua pr\u00f3pria soberania mineral.<\/p>\n<p>Nesse contexto, o Brasil tem condi\u00e7\u00f5es de assumir papel de destaque, desde que implemente pol\u00edticas p\u00fablicas e marcos regulat\u00f3rios que incentivem a pesquisa geol\u00f3gica e tecnol\u00f3gica; o fortalecimento de centros de excel\u00eancia cient\u00edfica; est\u00edmulo \u00e0 minera\u00e7\u00e3o respons\u00e1vel e ao refino nacional; apoio \u00e0 industrializa\u00e7\u00e3o de produtos de alto valor agregado e a compatibiliza\u00e7\u00e3o entre desenvolvimento econ\u00f4mico e prote\u00e7\u00e3o ambiental. O documento foi assinado eletronicamente por diversos senadores, incluindo Nelsinho Trad, Eduardo Gir\u00e3o, Tereza Cristina, Marcos Pontes, entre outros.<\/p>\n<p>\t\t\t\t\t\t\t\t\t<img loading=\"lazy\" decoding=\"async\" src=\"https:\/\/brasil61.com\/api\/v1\/serve_pixel\/17677\/84201\" alt=\"Pixel Brasil 61\" class=\"b61_pixel\" width=\"0\" height=\"0\"><\/p>\n<input type=\"hidden\" id=\"baseurl\" value=\"https:\/\/noticiasdestaque.com.br\"><input type=\"hidden\" id=\"audio_nonce\" value=\"6f73a554f1\">","protected":false},"excerpt":{"rendered":"<p>Senado aprova cria\u00e7\u00e3o de Frente Parlamentar para debater e impulsionar a explora\u00e7\u00e3o sustent\u00e1vel de terras raras no Brasil, visando fortalecer a soberania nacional e a posi\u00e7\u00e3o do pa\u00eds na cadeia global.<\/p>\n","protected":false},"author":1,"featured_media":45384,"comment_status":"open","ping_status":"open","sticky":false,"template":"","format":"standard","meta":{"fifu_image_url":"","fifu_image_alt":"","footnotes":""},"categories":[59],"tags":[],"class_list":["post-45383","post","type-post","status-publish","format-standard","has-post-thumbnail","hentry","category-economia"],"distributor_meta":false,"distributor_terms":false,"distributor_media":false,"distributor_original_site_name":"Noticias em Destaque","distributor_original_site_url":"https:\/\/noticiasdestaque.com.br","push-errors":false,"_links":{"self":[{"href":"https:\/\/noticiasdestaque.com.br\/index.php\/wp-json\/wp\/v2\/posts\/45383","targetHints":{"allow":["GET"]}}],"collection":[{"href":"https:\/\/noticiasdestaque.com.br\/index.php\/wp-json\/wp\/v2\/posts"}],"about":[{"href":"https:\/\/noticiasdestaque.com.br\/index.php\/wp-json\/wp\/v2\/types\/post"}],"author":[{"embeddable":true,"href":"https:\/\/noticiasdestaque.com.br\/index.php\/wp-json\/wp\/v2\/users\/1"}],"replies":[{"embeddable":true,"href":"https:\/\/noticiasdestaque.com.br\/index.php\/wp-json\/wp\/v2\/comments?post=45383"}],"version-history":[{"count":0,"href":"https:\/\/noticiasdestaque.com.br\/index.php\/wp-json\/wp\/v2\/posts\/45383\/revisions"}],"wp:featuredmedia":[{"embeddable":true,"href":"https:\/\/noticiasdestaque.com.br\/index.php\/wp-json\/wp\/v2\/media\/45384"}],"wp:attachment":[{"href":"https:\/\/noticiasdestaque.com.br\/index.php\/wp-json\/wp\/v2\/media?parent=45383"}],"wp:term":[{"taxonomy":"category","embeddable":true,"href":"https:\/\/noticiasdestaque.com.br\/index.php\/wp-json\/wp\/v2\/categories?post=45383"},{"taxonomy":"post_tag","embeddable":true,"href":"https:\/\/noticiasdestaque.com.br\/index.php\/wp-json\/wp\/v2\/tags?post=45383"}],"curies":[{"name":"wp","href":"https:\/\/api.w.org\/{rel}","templated":true}]}}