{"id":45377,"date":"2025-08-22T23:00:00","date_gmt":"2025-08-23T02:00:00","guid":{"rendered":"https:\/\/noticiasdestaque.com.br\/index.php\/2025\/08\/22\/piso-da-assistencia-social-pode-gerar-impacto-de-r1-bilhao-em-municipios\/"},"modified":"2025-08-22T23:00:00","modified_gmt":"2025-08-23T02:00:00","slug":"piso-da-assistencia-social-pode-gerar-impacto-de-r1-bilhao-em-municipios","status":"publish","type":"post","link":"https:\/\/noticiasdestaque.com.br\/index.php\/2025\/08\/22\/piso-da-assistencia-social-pode-gerar-impacto-de-r1-bilhao-em-municipios\/","title":{"rendered":"Piso da assist\u00eancia social pode gerar impacto de R$1 bilh\u00e3o em munic\u00edpios"},"content":{"rendered":"<p>\t\t\t\t\t\t\t\t\t\t<audio controls class=\"b61_audio_player\" data-noticia=\"84191\" src=\"https:\/\/brasil61.com\/rails\/active_storage\/blobs\/eyJfcmFpbHMiOnsibWVzc2FnZSI6IkJBaHBBL21OQXc9PSIsImV4cCI6bnVsbCwicHVyIjoiYmxvYl9pZCJ9fQ==--446d3f1f3c694e098ee6ca6743f53dcd055d44e8\/BRAS2514581A\"><\/audio><\/p>\n<p>Em audi\u00eancia p\u00fablica, realizada ter\u00e7a-feira (19), a <strong>Confedera\u00e7\u00e3o Nacional de Munic\u00edpios (CNM)<\/strong> destacou que a aprova\u00e7\u00e3o do <a href=\"https:\/\/www.camara.leg.br\/proposicoesWeb\/fichadetramitacao?idProposicao=2195766\" target=\"_blank\">Projeto de Lei 1827\/2019<\/a> \u2014 que institui o piso salarial nacional para assistentes sociais \u2014 pode gerar impacto de R$1 bilh\u00e3o por ano \u00e0s prefeituras.<\/p>\n<\/p>\n<p dir=\"ltr\">\n<p style=\"text-align: justify\">O projeto prev\u00ea sal\u00e1rio-base da categoria em R$ 4.200, mas h\u00e1 uma emenda que prop\u00f5e eleva\u00e7\u00e3o para R$5.500. Segundo o analista t\u00e9cnico em Assist\u00eancia Social da CNM, Bruno Trindade, a institui\u00e7\u00e3o do piso salarial\u00a0pode acarretar na demiss\u00e3o de profissionais do Sistema \u00danico de Assist\u00eancia Social (SUAS) e na redu\u00e7\u00e3o de servi\u00e7os ofertados no CRAS e postos de atendimento para a popula\u00e7\u00e3o.\u00a0<\/p>\n<p style=\"text-align: justify\">Bruno destacou ainda que a legisla\u00e7\u00e3o determine a co-participa\u00e7\u00e3o da Uni\u00e3o, estados e munic\u00edpios no financiamento do Sistema \u00danico de Assist\u00eancia Social. Na pr\u00e1tica, os munic\u00edpios arcam com quase toda despesa. Atualmente, os repasses federais correspondem a cerca de 20% do or\u00e7amento da assist\u00eancia.\u00a0<\/p>\n<p style=\"text-align: justify\">A deputada Laura Carneiro (PSD-RJ), relatora do PL, posicionou-se favor\u00e1vel ao piso, mas ressaltou a import\u00e2ncia da participa\u00e7\u00e3o financeira da Uni\u00e3o. Se comprometeu ainda em buscar solu\u00e7\u00f5es junto a consultores da C\u00e2mara e minist\u00e9rios para viabilizar a aprova\u00e7\u00e3o sem sobrecarregar excessivamente as prefeituras.\u00a0<br \/>\n\u00a0<\/p>\n<p>\t\t\t\t\t\t\t\t\t<img loading=\"lazy\" decoding=\"async\" src=\"https:\/\/brasil61.com\/api\/v1\/serve_pixel\/17677\/84191\" alt=\"Pixel Brasil 61\" class=\"b61_pixel\" width=\"0\" height=\"0\"><\/p>\n<input type=\"hidden\" id=\"baseurl\" value=\"https:\/\/noticiasdestaque.com.br\"><input type=\"hidden\" id=\"audio_nonce\" value=\"6a24ca502e\">","protected":false},"excerpt":{"rendered":"<p>Projeto de Lei pode elevar gastos das prefeituras, que j\u00e1 arcam com a maior parte do financiamento da assist\u00eancia social<\/p>\n","protected":false},"author":1,"featured_media":45378,"comment_status":"open","ping_status":"open","sticky":false,"template":"","format":"standard","meta":{"fifu_image_url":"","fifu_image_alt":"","footnotes":""},"categories":[50],"tags":[],"class_list":["post-45377","post","type-post","status-publish","format-standard","has-post-thumbnail","hentry","category-politica"],"distributor_meta":false,"distributor_terms":false,"distributor_media":false,"distributor_original_site_name":"Noticias em Destaque","distributor_original_site_url":"https:\/\/noticiasdestaque.com.br","push-errors":false,"_links":{"self":[{"href":"https:\/\/noticiasdestaque.com.br\/index.php\/wp-json\/wp\/v2\/posts\/45377","targetHints":{"allow":["GET"]}}],"collection":[{"href":"https:\/\/noticiasdestaque.com.br\/index.php\/wp-json\/wp\/v2\/posts"}],"about":[{"href":"https:\/\/noticiasdestaque.com.br\/index.php\/wp-json\/wp\/v2\/types\/post"}],"author":[{"embeddable":true,"href":"https:\/\/noticiasdestaque.com.br\/index.php\/wp-json\/wp\/v2\/users\/1"}],"replies":[{"embeddable":true,"href":"https:\/\/noticiasdestaque.com.br\/index.php\/wp-json\/wp\/v2\/comments?post=45377"}],"version-history":[{"count":0,"href":"https:\/\/noticiasdestaque.com.br\/index.php\/wp-json\/wp\/v2\/posts\/45377\/revisions"}],"wp:featuredmedia":[{"embeddable":true,"href":"https:\/\/noticiasdestaque.com.br\/index.php\/wp-json\/wp\/v2\/media\/45378"}],"wp:attachment":[{"href":"https:\/\/noticiasdestaque.com.br\/index.php\/wp-json\/wp\/v2\/media?parent=45377"}],"wp:term":[{"taxonomy":"category","embeddable":true,"href":"https:\/\/noticiasdestaque.com.br\/index.php\/wp-json\/wp\/v2\/categories?post=45377"},{"taxonomy":"post_tag","embeddable":true,"href":"https:\/\/noticiasdestaque.com.br\/index.php\/wp-json\/wp\/v2\/tags?post=45377"}],"curies":[{"name":"wp","href":"https:\/\/api.w.org\/{rel}","templated":true}]}}