{"id":45367,"date":"2025-08-22T18:20:00","date_gmt":"2025-08-22T21:20:00","guid":{"rendered":"https:\/\/noticiasdestaque.com.br\/index.php\/2025\/08\/22\/previsao-do-tempo-sudeste-tera-prevalencia-de-variacao-entre-muitas-e-poucas-nuvens-sem-chuva-neste-sabado-23\/"},"modified":"2025-08-22T18:20:00","modified_gmt":"2025-08-22T21:20:00","slug":"previsao-do-tempo-sudeste-tera-prevalencia-de-variacao-entre-muitas-e-poucas-nuvens-sem-chuva-neste-sabado-23","status":"publish","type":"post","link":"https:\/\/noticiasdestaque.com.br\/index.php\/2025\/08\/22\/previsao-do-tempo-sudeste-tera-prevalencia-de-variacao-entre-muitas-e-poucas-nuvens-sem-chuva-neste-sabado-23\/","title":{"rendered":"PREVIS\u00c3O DO TEMPO: Sudeste ter\u00e1 preval\u00eancia de varia\u00e7\u00e3o entre muitas e poucas nuvens, sem chuva, neste s\u00e1bado (23)"},"content":{"rendered":"<p>\t\t\t\t\t\t\t\t\t\t<audio controls class=\"b61_audio_player\" data-noticia=\"84187\" src=\"https:\/\/brasil61.com\/rails\/active_storage\/blobs\/eyJfcmFpbHMiOnsibWVzc2FnZSI6IkJBaHBBOFNOQXc9PSIsImV4cCI6bnVsbCwicHVyIjoiYmxvYl9pZCJ9fQ==--d539a1d12cc9a3f33665f69aa12a2d0bf1c538a2\/PTSD254165A\"><\/audio><\/p>\n<p>O Sudeste brasileiro ter\u00e1 predomin\u00e2ncia de varia\u00e7\u00e3o entre muitas e poucas nuvens, sem chuva, neste s\u00e1bado (23).\u00a0<\/p>\n<p>O quadro ser\u00e1 notado em todo o estado de Minas Gerais, sobretudo mais ao norte, em cidades como Pai Pedro e Porteirinha. Em S\u00e3o Paulo, a situa\u00e7\u00e3o \u00e9 semelhante, sem chuva em todas as \u00e1reas.\u00a0<\/p>\n<p>A preval\u00eancia de varia\u00e7\u00e3o entre muitas e poucas nuvens tamb\u00e9m se estende pelo Rio de Janeiro e pelo Esp\u00edrito Santo, onde tamb\u00e9m n\u00e3o est\u00e3o previstas chuvas.\u00a0<\/p>\n<p>Entre as capitais, a temperatura m\u00ednima prevista deve chegar a 17\u00b0C, em Belo Horizonte. J\u00e1 a m\u00e1xima poder\u00e1 chegar a 34\u00b0C, No Rio de Janeiro. A umidade relativa do ar varia entre 30% e 80%.\u00a0<\/p>\n<p>As informa\u00e7\u00f5es s\u00e3o do Instituto Nacional de Meteorologia.\u00a0<\/p>\n<p>\n\u00a0<\/p>\n<p>\t\t\t\t\t\t\t\t\t<img loading=\"lazy\" decoding=\"async\" src=\"https:\/\/brasil61.com\/api\/v1\/serve_pixel\/17677\/84187\" alt=\"Pixel Brasil 61\" class=\"b61_pixel\" width=\"0\" height=\"0\"><\/p>\n<input type=\"hidden\" id=\"baseurl\" value=\"https:\/\/noticiasdestaque.com.br\"><input type=\"hidden\" id=\"audio_nonce\" value=\"6f73a554f1\">","protected":false},"excerpt":{"rendered":"<p>Entre as capitais, a temperatura m\u00ednima prevista deve chegar a 17\u00b0C, em Belo Horizonte<\/p>\n","protected":false},"author":1,"featured_media":45368,"comment_status":"open","ping_status":"open","sticky":false,"template":"","format":"standard","meta":{"fifu_image_url":"","fifu_image_alt":"","footnotes":""},"categories":[58],"tags":[],"class_list":["post-45367","post","type-post","status-publish","format-standard","has-post-thumbnail","hentry","category-cotidiano"],"distributor_meta":false,"distributor_terms":false,"distributor_media":false,"distributor_original_site_name":"Noticias em Destaque","distributor_original_site_url":"https:\/\/noticiasdestaque.com.br","push-errors":false,"_links":{"self":[{"href":"https:\/\/noticiasdestaque.com.br\/index.php\/wp-json\/wp\/v2\/posts\/45367","targetHints":{"allow":["GET"]}}],"collection":[{"href":"https:\/\/noticiasdestaque.com.br\/index.php\/wp-json\/wp\/v2\/posts"}],"about":[{"href":"https:\/\/noticiasdestaque.com.br\/index.php\/wp-json\/wp\/v2\/types\/post"}],"author":[{"embeddable":true,"href":"https:\/\/noticiasdestaque.com.br\/index.php\/wp-json\/wp\/v2\/users\/1"}],"replies":[{"embeddable":true,"href":"https:\/\/noticiasdestaque.com.br\/index.php\/wp-json\/wp\/v2\/comments?post=45367"}],"version-history":[{"count":0,"href":"https:\/\/noticiasdestaque.com.br\/index.php\/wp-json\/wp\/v2\/posts\/45367\/revisions"}],"wp:featuredmedia":[{"embeddable":true,"href":"https:\/\/noticiasdestaque.com.br\/index.php\/wp-json\/wp\/v2\/media\/45368"}],"wp:attachment":[{"href":"https:\/\/noticiasdestaque.com.br\/index.php\/wp-json\/wp\/v2\/media?parent=45367"}],"wp:term":[{"taxonomy":"category","embeddable":true,"href":"https:\/\/noticiasdestaque.com.br\/index.php\/wp-json\/wp\/v2\/categories?post=45367"},{"taxonomy":"post_tag","embeddable":true,"href":"https:\/\/noticiasdestaque.com.br\/index.php\/wp-json\/wp\/v2\/tags?post=45367"}],"curies":[{"name":"wp","href":"https:\/\/api.w.org\/{rel}","templated":true}]}}