{"id":45365,"date":"2025-08-22T18:10:00","date_gmt":"2025-08-22T21:10:00","guid":{"rendered":"https:\/\/noticiasdestaque.com.br\/index.php\/2025\/08\/22\/previsao-do-tempo-norte-do-brasil-contara-com-chuva-intensa-em-boa-parte-da-regiao-neste-sabado-23\/"},"modified":"2025-08-22T18:10:00","modified_gmt":"2025-08-22T21:10:00","slug":"previsao-do-tempo-norte-do-brasil-contara-com-chuva-intensa-em-boa-parte-da-regiao-neste-sabado-23","status":"publish","type":"post","link":"https:\/\/noticiasdestaque.com.br\/index.php\/2025\/08\/22\/previsao-do-tempo-norte-do-brasil-contara-com-chuva-intensa-em-boa-parte-da-regiao-neste-sabado-23\/","title":{"rendered":"PREVIS\u00c3O DO TEMPO: Norte do Brasil contar\u00e1 com chuva intensa em boa parte da regi\u00e3o, neste s\u00e1bado (23)"},"content":{"rendered":"<p>\t\t\t\t\t\t\t\t\t\t<audio controls class=\"b61_audio_player\" data-noticia=\"84185\" src=\"https:\/\/brasil61.com\/rails\/active_storage\/blobs\/eyJfcmFpbHMiOnsibWVzc2FnZSI6IkJBaHBBOGVOQXc9PSIsImV4cCI6bnVsbCwicHVyIjoiYmxvYl9pZCJ9fQ==--87590631edac669301030f0ab6b7e2b9a9a5c852\/PTRN254530A\"><\/audio><\/p>\n<p>A previs\u00e3o do tempo para este s\u00e1bado (23) indica que, no Norte do Brasil, pode chover em boa parte da regi\u00e3o. Os acumulados mais intensos ser\u00e3o notados em todo o<\/p>\n<p>Acre, assim como no oeste do Amazonas e de Roraima, onde s\u00e3o esperadas pancadas de chuva e trovoadas isoladas.\u00a0<\/p>\n<p>J\u00e1 no Baixo Amazonas, onde est\u00e3o localizadas cidades paraenses como \u00d3bidos e Oriximin\u00e1, a previs\u00e3o \u00e9 de chuva isolada.\u00a0<\/p>\n<p>Esse mesmo quadro ser\u00e1 notado em todo o Amap\u00e1, principalmente em cidades mais ao leste, como Tartarugalzinho e Cal\u00e7oene.\u00a0<\/p>\n<p>J\u00e1 para o Tocantins e Rond\u00f4nia, a predomin\u00e2ncia ser\u00e1 de varia\u00e7\u00e3o entre muitas e poucas nuvens, sem previs\u00e3o de chuva.\u00a0<\/p>\n<p>Entre as capitais, a temperatura m\u00ednima prevista deve chegar a 22\u00b0C, em Palmas. J\u00e1 a m\u00e1xima poder\u00e1 chegar a 38\u00b0C, em Porto Velho. A umidade relativa do ar varia entre 35% e 95%.\u00a0<\/p>\n<p>As informa\u00e7\u00f5es s\u00e3o do Instituto Nacional de Meteorologia.\u00a0<\/p>\n<p>\u00a0<\/p>\n<p>\t\t\t\t\t\t\t\t\t<img loading=\"lazy\" decoding=\"async\" src=\"https:\/\/brasil61.com\/api\/v1\/serve_pixel\/17677\/84185\" alt=\"Pixel Brasil 61\" class=\"b61_pixel\" width=\"0\" height=\"0\"><\/p>\n<input type=\"hidden\" id=\"baseurl\" value=\"https:\/\/noticiasdestaque.com.br\"><input type=\"hidden\" id=\"audio_nonce\" value=\"6f73a554f1\">","protected":false},"excerpt":{"rendered":"<p>J\u00e1 no Baixo Amazonas, onde est\u00e3o localizadas cidades paraenses como \u00d3bidos e Oriximin\u00e1, a previs\u00e3o \u00e9 de chuva isolada<\/p>\n","protected":false},"author":1,"featured_media":45366,"comment_status":"open","ping_status":"open","sticky":false,"template":"","format":"standard","meta":{"fifu_image_url":"","fifu_image_alt":"","footnotes":""},"categories":[58],"tags":[],"class_list":["post-45365","post","type-post","status-publish","format-standard","has-post-thumbnail","hentry","category-cotidiano"],"distributor_meta":false,"distributor_terms":false,"distributor_media":false,"distributor_original_site_name":"Noticias em Destaque","distributor_original_site_url":"https:\/\/noticiasdestaque.com.br","push-errors":false,"_links":{"self":[{"href":"https:\/\/noticiasdestaque.com.br\/index.php\/wp-json\/wp\/v2\/posts\/45365","targetHints":{"allow":["GET"]}}],"collection":[{"href":"https:\/\/noticiasdestaque.com.br\/index.php\/wp-json\/wp\/v2\/posts"}],"about":[{"href":"https:\/\/noticiasdestaque.com.br\/index.php\/wp-json\/wp\/v2\/types\/post"}],"author":[{"embeddable":true,"href":"https:\/\/noticiasdestaque.com.br\/index.php\/wp-json\/wp\/v2\/users\/1"}],"replies":[{"embeddable":true,"href":"https:\/\/noticiasdestaque.com.br\/index.php\/wp-json\/wp\/v2\/comments?post=45365"}],"version-history":[{"count":0,"href":"https:\/\/noticiasdestaque.com.br\/index.php\/wp-json\/wp\/v2\/posts\/45365\/revisions"}],"wp:featuredmedia":[{"embeddable":true,"href":"https:\/\/noticiasdestaque.com.br\/index.php\/wp-json\/wp\/v2\/media\/45366"}],"wp:attachment":[{"href":"https:\/\/noticiasdestaque.com.br\/index.php\/wp-json\/wp\/v2\/media?parent=45365"}],"wp:term":[{"taxonomy":"category","embeddable":true,"href":"https:\/\/noticiasdestaque.com.br\/index.php\/wp-json\/wp\/v2\/categories?post=45365"},{"taxonomy":"post_tag","embeddable":true,"href":"https:\/\/noticiasdestaque.com.br\/index.php\/wp-json\/wp\/v2\/tags?post=45365"}],"curies":[{"name":"wp","href":"https:\/\/api.w.org\/{rel}","templated":true}]}}