{"id":45361,"date":"2025-08-22T04:00:00","date_gmt":"2025-08-22T07:00:00","guid":{"rendered":"https:\/\/noticiasdestaque.com.br\/index.php\/2025\/08\/22\/empresarios-brasileiros-se-mobilizam-contra-tarifaco-dos-eua\/"},"modified":"2025-08-22T04:00:00","modified_gmt":"2025-08-22T07:00:00","slug":"empresarios-brasileiros-se-mobilizam-contra-tarifaco-dos-eua","status":"publish","type":"post","link":"https:\/\/noticiasdestaque.com.br\/index.php\/2025\/08\/22\/empresarios-brasileiros-se-mobilizam-contra-tarifaco-dos-eua\/","title":{"rendered":"Empres\u00e1rios brasileiros se mobilizam contra tarifa\u00e7o dos EUA"},"content":{"rendered":"<p>\t\t\t\t\t\t\t\t\t\t<audio controls class=\"b61_audio_player\" data-noticia=\"84154\" src=\"https:\/\/brasil61.com\/rails\/active_storage\/blobs\/eyJfcmFpbHMiOnsibWVzc2FnZSI6IkJBaHBBMEdOQXc9PSIsImV4cCI6bnVsbCwicHVyIjoiYmxvYl9pZCJ9fQ==--9241c76fffbebf7ca0a7f537b2d60497bbf27f9a\/PIND254596C\"><\/audio><\/p>\n<p><!--StartFragment -->O presidente da <a href=\"https:\/\/cni.portaldaindustria.com.br\/\" target=\"_blank\"><strong>Confedera\u00e7\u00e3o Nacional da Ind\u00fastria (CNI)<\/strong><\/a>, Ricardo Alban, apresentou ao vice-presidente e ministro do <a href=\"https:\/\/www.gov.br\/mdic\/pt-br\" target=\"_blank\"><strong>Desenvolvimento, Ind\u00fastria, Com\u00e9rcio e Servi\u00e7os<\/strong><\/a>, Geraldo Alckmin, a agenda da miss\u00e3o empresarial que ser\u00e1 realizada em Washington, nos dias 3 e 4 de setembro. O objetivo \u00e9 sensibilizar empres\u00e1rios e o governo dos Estados Unidos, e fortalecer a defesa comercial do Brasil diante da investiga\u00e7\u00e3o aberta pelos Estados Unidos, com base na Se\u00e7\u00e3o 301 da Lei de Com\u00e9rcio, que prev\u00ea sobretaxa de 50% sobre exporta\u00e7\u00f5es brasileiras.<\/p>\n<p>\u201cA nossa estrat\u00e9gia de reuni\u00e3o, para que n\u00e3o haja nenhum tipo de dicotomia, muito pelo contr\u00e1rio, n\u00f3s temos que ser um pouco mais convergentes nesse momento, para que tenha uma unicidade. Tamb\u00e9m a nossa estrat\u00e9gia de tentar buscar o m\u00e1ximo de novas associa\u00e7\u00f5es poss\u00edveis, aquelas que s\u00e3o efetivamente de interesse americano para se sensibilizar de uma forma mais r\u00e1pida e que talvez n\u00e3o tenham sido contempladas porque n\u00e3o t\u00eam representatividade financeira, mas para muitas pequenas ind\u00fastrias aqui tem uma grande representatividade\u201d, afirmou Alban.<\/p>\n<p>A comitiva reunir\u00e1 associa\u00e7\u00f5es setoriais, federa\u00e7\u00f5es estaduais e grandes empresas para ampliar o di\u00e1logo com o governo e o setor produtivo norte-americano. A estrat\u00e9gia inclui buscar exce\u00e7\u00f5es \u00e0 regra tarif\u00e1ria, ampliar a lista de produtos beneficiados e apresentar propostas de coopera\u00e7\u00e3o em \u00e1reas de interesse m\u00fatuo, como biocombust\u00edveis, data centers e minerais cr\u00edticos.<\/p>\n<p>A programa\u00e7\u00e3o prev\u00ea reuni\u00f5es na Embaixada do Brasil em Washington, encontros com escrit\u00f3rios de advocacia e lobby, di\u00e1logos com lideran\u00e7as da US Chamber of Commerce e autoridades americanas, al\u00e9m de uma plen\u00e1ria empresarial. A agenda inclui ainda participa\u00e7\u00e3o em audi\u00eancia p\u00fablica no Escrit\u00f3rio do Representante Comercial dos Estados Unidos (USTR), onde o Brasil refor\u00e7ar\u00e1 sua posi\u00e7\u00e3o.<\/p>\n<p>Al\u00e9m da miss\u00e3o, a CNI discute com o governo federal contribui\u00e7\u00f5es para a medida provis\u00f3ria que busca mitigar os efeitos do tarifa\u00e7o. A confedera\u00e7\u00e3o pretende conversar com o Congresso Nacional sobre o plano de compensa\u00e7\u00e3o destinado aos exportadores, que prev\u00ea R$ 9,5 bilh\u00f5es fora do arcabou\u00e7o fiscal. \u201cN\u00f3s temos algumas sugest\u00f5es, para que a gente possa deixar esses R$ 9,5 bilh\u00f5es dentro do arcabou\u00e7o, dando uma refer\u00eancia positiva ao mercado, de credibilidade, que possamos evoluir\u201d, pontua Alban.<\/p>\n<p>\u201cO momento agora \u00e9 que n\u00f3s vamos tratar o assunto eminentemente de forma t\u00e9cnica e comercial. N\u00f3s queremos evitar poss\u00edveis dicotomias nos approaches, nos posicionamentos, mas sempre de uma forma t\u00e9cnica e comercial, para que a gente possa estimular a mesa de negocia\u00e7\u00e3o\u201d, conclui o presidente da CNI.<\/p>\n<p><!--EndFragment --><\/p>\n<p>\t\t\t\t\t\t\t\t\t<img loading=\"lazy\" decoding=\"async\" src=\"https:\/\/brasil61.com\/api\/v1\/serve_pixel\/17677\/84154\" alt=\"Pixel Brasil 61\" class=\"b61_pixel\" width=\"0\" height=\"0\"><\/p>\n<input type=\"hidden\" id=\"baseurl\" value=\"https:\/\/noticiasdestaque.com.br\"><input type=\"hidden\" id=\"audio_nonce\" value=\"6f73a554f1\">","protected":false},"excerpt":{"rendered":"<p>Agenda da CNI em Washington inclui encontros com governo, setor produtivo e audi\u00eancia no USTR para tentar reverter sobretaxa sobre exporta\u00e7\u00f5es<\/p>\n","protected":false},"author":1,"featured_media":45362,"comment_status":"open","ping_status":"open","sticky":false,"template":"","format":"standard","meta":{"fifu_image_url":"","fifu_image_alt":"","footnotes":""},"categories":[48],"tags":[],"class_list":["post-45361","post","type-post","status-publish","format-standard","has-post-thumbnail","hentry","category-mundo"],"distributor_meta":false,"distributor_terms":false,"distributor_media":false,"distributor_original_site_name":"Noticias em Destaque","distributor_original_site_url":"https:\/\/noticiasdestaque.com.br","push-errors":false,"_links":{"self":[{"href":"https:\/\/noticiasdestaque.com.br\/index.php\/wp-json\/wp\/v2\/posts\/45361","targetHints":{"allow":["GET"]}}],"collection":[{"href":"https:\/\/noticiasdestaque.com.br\/index.php\/wp-json\/wp\/v2\/posts"}],"about":[{"href":"https:\/\/noticiasdestaque.com.br\/index.php\/wp-json\/wp\/v2\/types\/post"}],"author":[{"embeddable":true,"href":"https:\/\/noticiasdestaque.com.br\/index.php\/wp-json\/wp\/v2\/users\/1"}],"replies":[{"embeddable":true,"href":"https:\/\/noticiasdestaque.com.br\/index.php\/wp-json\/wp\/v2\/comments?post=45361"}],"version-history":[{"count":0,"href":"https:\/\/noticiasdestaque.com.br\/index.php\/wp-json\/wp\/v2\/posts\/45361\/revisions"}],"wp:featuredmedia":[{"embeddable":true,"href":"https:\/\/noticiasdestaque.com.br\/index.php\/wp-json\/wp\/v2\/media\/45362"}],"wp:attachment":[{"href":"https:\/\/noticiasdestaque.com.br\/index.php\/wp-json\/wp\/v2\/media?parent=45361"}],"wp:term":[{"taxonomy":"category","embeddable":true,"href":"https:\/\/noticiasdestaque.com.br\/index.php\/wp-json\/wp\/v2\/categories?post=45361"},{"taxonomy":"post_tag","embeddable":true,"href":"https:\/\/noticiasdestaque.com.br\/index.php\/wp-json\/wp\/v2\/tags?post=45361"}],"curies":[{"name":"wp","href":"https:\/\/api.w.org\/{rel}","templated":true}]}}