{"id":45357,"date":"2025-08-22T03:00:00","date_gmt":"2025-08-22T06:00:00","guid":{"rendered":"https:\/\/noticiasdestaque.com.br\/index.php\/2025\/08\/22\/senai-e-amazon-lancam-programa-com-200-mil-vagas-gratuitas-em-ia\/"},"modified":"2025-08-22T03:00:00","modified_gmt":"2025-08-22T06:00:00","slug":"senai-e-amazon-lancam-programa-com-200-mil-vagas-gratuitas-em-ia","status":"publish","type":"post","link":"https:\/\/noticiasdestaque.com.br\/index.php\/2025\/08\/22\/senai-e-amazon-lancam-programa-com-200-mil-vagas-gratuitas-em-ia\/","title":{"rendered":"Senai e Amazon lan\u00e7am programa com 200 mil vagas gratuitas em IA"},"content":{"rendered":"<p>\t\t\t\t\t\t\t\t\t\t<audio controls class=\"b61_audio_player\" data-noticia=\"84162\" src=\"https:\/\/brasil61.com\/rails\/active_storage\/blobs\/eyJfcmFpbHMiOnsibWVzc2FnZSI6IkJBaHBBeitOQXc9PSIsImV4cCI6bnVsbCwicHVyIjoiYmxvYl9pZCJ9fQ==--f070bd86c75d20f7e7250d842421a4090aeece77\/PIND254598A\"><\/audio><\/p>\n<p>O Servi\u00e7o Nacional de Aprendizagem Industrial (SENAI), em parceria com a Amazon Web Services (AWS), abriu 200 mil vagas gratuitas em cursos on-line sobre intelig\u00eancia artificial generativa e fundamentos de computa\u00e7\u00e3o em nuvem. O prazo vai at\u00e9 dezembro do ano que vem. O AWS Treina Brasil, como \u00e9 chamado o maior programa nacional de forma\u00e7\u00e3o em tecnologia j\u00e1 realizado, prev\u00ea capacitar 1 milh\u00e3o de brasileiros at\u00e9 2028.<br \/>\n\u00a0<br \/>\nO programa oferece uma combina\u00e7\u00e3o de conte\u00fados sob demanda \u2014 acess\u00edveis a qualquer momento \u2014 e eventos ao vivo que enriquecem o processo de aprendizado. Ao t\u00e9rmino das forma\u00e7\u00f5es, todos os participantes recebem um certificado de conclus\u00e3o. As trilhas de conhecimento abordam desde conceitos b\u00e1sicos at\u00e9 conte\u00fados avan\u00e7ados, incluindo IA generativa, aprendizado de m\u00e1quina, computa\u00e7\u00e3o em nuvem, inova\u00e7\u00e3o, transforma\u00e7\u00e3o digital e estudos de caso reais.<\/p>\n<p>Segundo Mateus Sim\u00f5es, gerente de Educa\u00e7\u00e3o Profissional e Tecnol\u00f3gica do SENAI, a parceria com a AWS \u00e9 um passo estrat\u00e9gico para acelerar a transforma\u00e7\u00e3o digital da ind\u00fastria brasileira.<\/p>\n<p>\u201cOferecemos o que existe de mais atual e de ponta hoje no mercado de IA. Os cursos que o SENAI oferece possuem um grande diferencial competitivo. Primeiro \u00e9 que o desenvolvimento \u00e9 feito de acordo com a real necessidade da ind\u00fastria. Segundo \u00e9 que as tecnologias que utilizamos na operacionaliza\u00e7\u00e3o desses cursos s\u00e3o oriundos de parcerias com as principais big techs do planeta\u201d, ressalta.<br \/>\n\u00a0<br \/>\nA iniciativa \u00e9 voltada a diversos p\u00fablicos: jovens que desejam ingressar na \u00e1rea de tecnologia, profissionais que buscam atualiza\u00e7\u00e3o ou transi\u00e7\u00e3o de carreira, al\u00e9m de pequenas e m\u00e9dias empresas (PMEs), empreendedores e entidades do setor p\u00fablico e terceiro setor.<br \/>\n\u00a0<br \/>\nPara viabilizar o alcance nacional, o AWS Treina Brasil re\u00fane o SENAI de Santa Catarina e institui\u00e7\u00f5es como Refuturiza, Cart\u00e3o de Todos, AllpFit, IBMEC, Alterdata, ETICE CE, a Rede Federal de Educa\u00e7\u00e3o Profissional, Cient\u00edfica e Tecnol\u00f3gica, Santander e Santander X, que apoiam a\u00e7\u00f5es de forma\u00e7\u00e3o e mobiliza\u00e7\u00e3o em todo o pa\u00eds.<\/p>\n<p>Cleber Morais, diretor-geral da AWS no Brasil, considera que as forma\u00e7\u00f5es em novas tecnologias podem representar \u201cum crescimento na carreira, uma transi\u00e7\u00e3o ou a chance de entrar no mercado de trabalho\u201d.<br \/>\n\u00a0<br \/>\n<strong>Mercado requer qualifica\u00e7\u00e3o<\/strong><\/p>\n<p>O contexto impulsionador dessa mobiliza\u00e7\u00e3o nacional \u00e9 a transforma\u00e7\u00e3o acelerada do mercado de trabalho, que exige compet\u00eancias digitais em IA e nuvem para se adaptar \u00e0s mudan\u00e7as tecnol\u00f3gicas, ambientais e demogr\u00e1ficas. O Relat\u00f3rio \u201cFuturo dos Empregos 2025\u201d, do F\u00f3rum Econ\u00f4mico Mundial, indica que IA e big data est\u00e3o entre as \u00e1reas priorit\u00e1rias para qualifica\u00e7\u00e3o profissional.<\/p>\n<p>Na avalia\u00e7\u00e3o de Julian Tonioli, CEO da consultoria empresarial Auddas, a principal tend\u00eancia de tecnologia em neg\u00f3cios passa por agentes, superautoma\u00e7\u00e3o e constru\u00e7\u00e3o de aplicativos internos com IA. O que caminha, diz o especialista, para a evolu\u00e7\u00e3o da entrega de servi\u00e7os ou atividades atrav\u00e9s de software em grande volume.<\/p>\n<p>Outra mudan\u00e7a \u00e9 que pequenas e m\u00e9dias empresas t\u00eam ganhado mais capacidade para desenvolver tecnologias com processos que envolvem codifica\u00e7\u00e3o e constru\u00e7\u00e3o de softwares a partir de defini\u00e7\u00e3o de neg\u00f3cios por pessoas leigas. \u00a0<br \/>\n\u00a0<br \/>\n\u201cConforme essa barreira cai e as empresas conseguem adotar esse tipo de solu\u00e7\u00e3o internamente, a produtividade aumenta. Com mais produtividade e capacidade, \u00e9 poss\u00edvel n\u00e3o s\u00f3 acelerar mais pequenas empresas, como levar solu\u00e7\u00f5es que antes n\u00e3o eram acess\u00edveis\u201d, pontua.<\/p>\n<p>As inscri\u00e7\u00f5es est\u00e3o abertas no <strong><a href=\"https:\/\/awstreinabrasil.com\/#\/\">portal oficial do AWS Treina Brasil<\/a><\/strong>, onde os interessados podem escolher as trilhas conforme seu ritmo e interesse. A flexibilidade, aliada \u00e0 abrang\u00eancia do programa, torna poss\u00edvel que qualquer pessoa, em qualquer parte do pa\u00eds, possa acessar conte\u00fados atualizados e de alta relev\u00e2ncia para o mercado digital em expans\u00e3o.<\/p>\n<p>\t\t\t\t\t\t\t\t\t<img loading=\"lazy\" decoding=\"async\" src=\"https:\/\/brasil61.com\/api\/v1\/serve_pixel\/17677\/84162\" alt=\"Pixel Brasil 61\" class=\"b61_pixel\" width=\"0\" height=\"0\"><\/p>\n<input type=\"hidden\" id=\"baseurl\" value=\"https:\/\/noticiasdestaque.com.br\"><input type=\"hidden\" id=\"audio_nonce\" value=\"6f73a554f1\">","protected":false},"excerpt":{"rendered":"<p>Cursos s\u00e3o voltados a iniciantes, profissionais e empreendedores; meta \u00e9 capacitar 1 milh\u00e3o de pessoas at\u00e9 2028<\/p>\n","protected":false},"author":1,"featured_media":45358,"comment_status":"open","ping_status":"open","sticky":false,"template":"","format":"standard","meta":{"fifu_image_url":"","fifu_image_alt":"","footnotes":""},"categories":[54],"tags":[],"class_list":["post-45357","post","type-post","status-publish","format-standard","has-post-thumbnail","hentry","category-tecnologia"],"distributor_meta":false,"distributor_terms":false,"distributor_media":false,"distributor_original_site_name":"Noticias em Destaque","distributor_original_site_url":"https:\/\/noticiasdestaque.com.br","push-errors":false,"_links":{"self":[{"href":"https:\/\/noticiasdestaque.com.br\/index.php\/wp-json\/wp\/v2\/posts\/45357","targetHints":{"allow":["GET"]}}],"collection":[{"href":"https:\/\/noticiasdestaque.com.br\/index.php\/wp-json\/wp\/v2\/posts"}],"about":[{"href":"https:\/\/noticiasdestaque.com.br\/index.php\/wp-json\/wp\/v2\/types\/post"}],"author":[{"embeddable":true,"href":"https:\/\/noticiasdestaque.com.br\/index.php\/wp-json\/wp\/v2\/users\/1"}],"replies":[{"embeddable":true,"href":"https:\/\/noticiasdestaque.com.br\/index.php\/wp-json\/wp\/v2\/comments?post=45357"}],"version-history":[{"count":0,"href":"https:\/\/noticiasdestaque.com.br\/index.php\/wp-json\/wp\/v2\/posts\/45357\/revisions"}],"wp:featuredmedia":[{"embeddable":true,"href":"https:\/\/noticiasdestaque.com.br\/index.php\/wp-json\/wp\/v2\/media\/45358"}],"wp:attachment":[{"href":"https:\/\/noticiasdestaque.com.br\/index.php\/wp-json\/wp\/v2\/media?parent=45357"}],"wp:term":[{"taxonomy":"category","embeddable":true,"href":"https:\/\/noticiasdestaque.com.br\/index.php\/wp-json\/wp\/v2\/categories?post=45357"},{"taxonomy":"post_tag","embeddable":true,"href":"https:\/\/noticiasdestaque.com.br\/index.php\/wp-json\/wp\/v2\/tags?post=45357"}],"curies":[{"name":"wp","href":"https:\/\/api.w.org\/{rel}","templated":true}]}}