{"id":45353,"date":"2025-08-22T01:00:00","date_gmt":"2025-08-22T04:00:00","guid":{"rendered":"https:\/\/noticiasdestaque.com.br\/index.php\/2025\/08\/22\/entenda-projeto-que-amplia-prazo-para-estados-e-municipios-aplicarem-recursos-da-saude\/"},"modified":"2025-08-22T01:00:00","modified_gmt":"2025-08-22T04:00:00","slug":"entenda-projeto-que-amplia-prazo-para-estados-e-municipios-aplicarem-recursos-da-saude","status":"publish","type":"post","link":"https:\/\/noticiasdestaque.com.br\/index.php\/2025\/08\/22\/entenda-projeto-que-amplia-prazo-para-estados-e-municipios-aplicarem-recursos-da-saude\/","title":{"rendered":"Entenda projeto que amplia prazo para estados e munic\u00edpios aplicarem recursos da sa\u00fade"},"content":{"rendered":"<p>\t\t\t\t\t\t\t\t\t\t<audio controls class=\"b61_audio_player\" data-noticia=\"84147\" src=\"https:\/\/brasil61.com\/rails\/active_storage\/blobs\/eyJfcmFpbHMiOnsibWVzc2FnZSI6IkJBaHBBN1dNQXc9PSIsImV4cCI6bnVsbCwicHVyIjoiYmxvYl9pZCJ9fQ==--f09afc24e2f2b80cd7c96066afec8127749540d5\/BRAS2514568A\"><\/audio><\/p>\n<p>O Plen\u00e1rio do Senado aprovou na quarta-feira (20), o <strong><a href=\"https:\/\/www25.senado.leg.br\/web\/atividade\/materias\/-\/materia\/167714\" target=\"_blank\">PLP 58\/2025<\/a><\/strong>, que amplia at\u00e9 o final do ano o prazo para que<strong> entes federados utilizem recursos remanescentes do Fundo Nacional de Sa\u00fade (FNS)<\/strong>. A proposta foi votada em regime de urg\u00eancia e aprovada por 64 votos favor\u00e1veis.\u00a0<\/p>\n<\/p>\n<p dir=\"ltr\" style=\"text-align: justify\">A medida flexibiliza a aplica\u00e7\u00e3o de verbas repassadas at\u00e9 31 de dezembro de 2023, permitindo que sejam usadas em a\u00e7\u00f5es de sa\u00fade \u2014 ainda que com destina\u00e7\u00e3o distinta da original \u2014, mas somente dentro do setor da sa\u00fade. \u00a0<\/p>\n<p dir=\"ltr\" style=\"text-align: justify\"><strong>Estados, Distrito Federal e munic\u00edpios<\/strong> poder\u00e3o usar dos recursos disponibilizados para fortalecer a vigil\u00e2ncia, vacina\u00e7\u00e3o, atendimento b\u00e1sico e outros servi\u00e7os. O senador Cid Gomes (PSB-CE), relator da proposta, em declara\u00e7\u00e3o registrada pela R\u00e1dio Senado,\u00a0refor\u00e7ou que a pandemia afetou o ritmo da execu\u00e7\u00e3o or\u00e7ament\u00e1ria local.\u00a0<\/p>\n<p dir=\"ltr\" style=\"text-align: justify\">\u201cApesar do grande benef\u00edcio, esse projeto \u00e9 um projeto muito simples. Permitir que os entes subnacionais possam dispor de prazo adicional para execu\u00e7\u00e3o de saldos financeiros j\u00e1 transferidos pelo Fundo Nacional de Sa\u00fade \u00e9 medida que respeita o princ\u00edpio da responsabilidade na gest\u00e3o dos recursos p\u00fablicos. A experi\u00eancia recente da pandemia exp\u00f4s fragilidades operacionais e de planejamento em diversos entes da federa\u00e7\u00e3o\u201d.\u00a0<\/p>\n<p dir=\"ltr\" style=\"text-align: justify\">O PLP segue diretamente para <strong>san\u00e7\u00e3o presidencial<\/strong>. Se sancionado, a regra entra em vigor e garante tempo adicional para aplica\u00e7\u00e3o dos recursos nas a\u00e7\u00f5es de sa\u00fade at\u00e9 o final de 2025.\u00a0<\/p>\n<p dir=\"ltr\" style=\"text-align: justify\">Os saldos n\u00e3o usados at\u00e9 o fim da prorroga\u00e7\u00e3o devem retornar ao <strong>Tesouro Nacional<\/strong>, esp\u00e9cie de caixa do Governo federal, a partir de 2026, interrompendo iniciativas j\u00e1 em curso como farm\u00e1cia b\u00e1sica, hemodi\u00e1lise e equipes de sa\u00fade da fam\u00edlia.<br \/>\n\u00a0<\/p>\n<p>\t\t\t\t\t\t\t\t\t<img loading=\"lazy\" decoding=\"async\" src=\"https:\/\/brasil61.com\/api\/v1\/serve_pixel\/17677\/84147\" alt=\"Pixel Brasil 61\" class=\"b61_pixel\" width=\"0\" height=\"0\"><\/p>\n<input type=\"hidden\" id=\"baseurl\" value=\"https:\/\/noticiasdestaque.com.br\"><input type=\"hidden\" id=\"audio_nonce\" value=\"6a24ca502e\">","protected":false},"excerpt":{"rendered":"<p>Projeto estende at\u00e9 dezembro de 2025 o prazo para aplica\u00e7\u00e3o de recursos repassados pelo FNS<\/p>\n","protected":false},"author":1,"featured_media":45354,"comment_status":"open","ping_status":"open","sticky":false,"template":"","format":"standard","meta":{"fifu_image_url":"","fifu_image_alt":"","footnotes":""},"categories":[50],"tags":[],"class_list":["post-45353","post","type-post","status-publish","format-standard","has-post-thumbnail","hentry","category-politica"],"distributor_meta":false,"distributor_terms":false,"distributor_media":false,"distributor_original_site_name":"Noticias em Destaque","distributor_original_site_url":"https:\/\/noticiasdestaque.com.br","push-errors":false,"_links":{"self":[{"href":"https:\/\/noticiasdestaque.com.br\/index.php\/wp-json\/wp\/v2\/posts\/45353","targetHints":{"allow":["GET"]}}],"collection":[{"href":"https:\/\/noticiasdestaque.com.br\/index.php\/wp-json\/wp\/v2\/posts"}],"about":[{"href":"https:\/\/noticiasdestaque.com.br\/index.php\/wp-json\/wp\/v2\/types\/post"}],"author":[{"embeddable":true,"href":"https:\/\/noticiasdestaque.com.br\/index.php\/wp-json\/wp\/v2\/users\/1"}],"replies":[{"embeddable":true,"href":"https:\/\/noticiasdestaque.com.br\/index.php\/wp-json\/wp\/v2\/comments?post=45353"}],"version-history":[{"count":0,"href":"https:\/\/noticiasdestaque.com.br\/index.php\/wp-json\/wp\/v2\/posts\/45353\/revisions"}],"wp:featuredmedia":[{"embeddable":true,"href":"https:\/\/noticiasdestaque.com.br\/index.php\/wp-json\/wp\/v2\/media\/45354"}],"wp:attachment":[{"href":"https:\/\/noticiasdestaque.com.br\/index.php\/wp-json\/wp\/v2\/media?parent=45353"}],"wp:term":[{"taxonomy":"category","embeddable":true,"href":"https:\/\/noticiasdestaque.com.br\/index.php\/wp-json\/wp\/v2\/categories?post=45353"},{"taxonomy":"post_tag","embeddable":true,"href":"https:\/\/noticiasdestaque.com.br\/index.php\/wp-json\/wp\/v2\/tags?post=45353"}],"curies":[{"name":"wp","href":"https:\/\/api.w.org\/{rel}","templated":true}]}}