{"id":45345,"date":"2025-08-21T15:15:00","date_gmt":"2025-08-21T18:15:00","guid":{"rendered":"https:\/\/noticiasdestaque.com.br\/index.php\/2025\/08\/21\/previsao-do-tempo-chuva-se-concentra-em-parte-da-regiao-norte\/"},"modified":"2025-08-21T15:15:00","modified_gmt":"2025-08-21T18:15:00","slug":"previsao-do-tempo-chuva-se-concentra-em-parte-da-regiao-norte","status":"publish","type":"post","link":"https:\/\/noticiasdestaque.com.br\/index.php\/2025\/08\/21\/previsao-do-tempo-chuva-se-concentra-em-parte-da-regiao-norte\/","title":{"rendered":"PREVIS\u00c3O DO TEMPO: Chuva se concentra em parte da Regi\u00e3o Norte"},"content":{"rendered":"<p>A sexta-feira (22) ser\u00e1 marcada por instabilidades restritas a alguns estados da Regi\u00e3o Norte. As pancadas de chuva ocorrem em <strong>Rond\u00f4nia, Amazonas, Acre e Roraima<\/strong>, especialmente \u00e0 tarde e \u00e0 noite, podendo vir acompanhadas de trovoadas isoladas.<\/p>\n<p>No <strong>Acre<\/strong>, o tempo segue inst\u00e1vel em grande parte do estado, com chuva intercalada por per\u00edodos de sol.<\/p>\n<p>Em <strong>Rond\u00f4nia<\/strong>, as pancadas atingem principalmente o centro e norte, enquanto o sul ainda ter\u00e1 momentos de tempo firme.<\/p>\n<p>No <strong>Amazonas<\/strong>, as precipita\u00e7\u00f5es se concentram nas \u00e1reas centrais e do norte, podendo ser localmente intensas.<\/p>\n<p>Em <strong>Roraima<\/strong>, a instabilidade persiste, com c\u00e9u nublado e chuva frequente.<\/p>\n<p>J\u00e1 no\u00a0<strong>Par\u00e1<\/strong>, <strong>Amap\u00e1 <\/strong>e <strong>Tocantins<\/strong>, o tempo permanece firme, ensolarado e com calor intenso, com\u00a0 baixa umidade relativa do ar durante a tarde.<\/p>\n<p>Entre as capitais, a temperatura m\u00ednima prevista \u00e9 de 23\u00b0C em <strong>Palmas <\/strong>e <strong>Boa Vista<\/strong>, j\u00e1 a m\u00e1xima est\u00e1 prevista para <strong>Palmas, Manaus, Porto Velho e Rio Branco<\/strong> com 35\u00b0C. A umidade relativa do ar varia entre 30% e 100%.<\/p>\n<p>As informa\u00e7\u00f5es s\u00e3o do Instituto Nacional de Meteorologia (<a href=\"https:\/\/portal.inmet.gov.br\/\" target=\"_blank\">Inmet<\/a>).<br \/>\n\u00a0<\/p>\n<p>\t\t\t\t\t\t\t\t\t<img loading=\"lazy\" decoding=\"async\" src=\"https:\/\/brasil61.com\/api\/v1\/serve_pixel\/17677\/84152\" alt=\"Pixel Brasil 61\" class=\"b61_pixel\" width=\"0\" height=\"0\"><\/p>\n<input type=\"hidden\" id=\"baseurl\" value=\"https:\/\/noticiasdestaque.com.br\"><input type=\"hidden\" id=\"audio_nonce\" value=\"6f73a554f1\">","protected":false},"excerpt":{"rendered":"<p>Pancadas ocorrem apenas em alguns estados, enquanto a maior parte da Regi\u00e3o Norte segue com sol e calor<\/p>\n","protected":false},"author":1,"featured_media":45346,"comment_status":"open","ping_status":"open","sticky":false,"template":"","format":"standard","meta":{"fifu_image_url":"","fifu_image_alt":"","footnotes":""},"categories":[58],"tags":[],"class_list":["post-45345","post","type-post","status-publish","format-standard","has-post-thumbnail","hentry","category-cotidiano"],"distributor_meta":false,"distributor_terms":false,"distributor_media":false,"distributor_original_site_name":"Noticias em Destaque","distributor_original_site_url":"https:\/\/noticiasdestaque.com.br","push-errors":false,"_links":{"self":[{"href":"https:\/\/noticiasdestaque.com.br\/index.php\/wp-json\/wp\/v2\/posts\/45345","targetHints":{"allow":["GET"]}}],"collection":[{"href":"https:\/\/noticiasdestaque.com.br\/index.php\/wp-json\/wp\/v2\/posts"}],"about":[{"href":"https:\/\/noticiasdestaque.com.br\/index.php\/wp-json\/wp\/v2\/types\/post"}],"author":[{"embeddable":true,"href":"https:\/\/noticiasdestaque.com.br\/index.php\/wp-json\/wp\/v2\/users\/1"}],"replies":[{"embeddable":true,"href":"https:\/\/noticiasdestaque.com.br\/index.php\/wp-json\/wp\/v2\/comments?post=45345"}],"version-history":[{"count":0,"href":"https:\/\/noticiasdestaque.com.br\/index.php\/wp-json\/wp\/v2\/posts\/45345\/revisions"}],"wp:featuredmedia":[{"embeddable":true,"href":"https:\/\/noticiasdestaque.com.br\/index.php\/wp-json\/wp\/v2\/media\/45346"}],"wp:attachment":[{"href":"https:\/\/noticiasdestaque.com.br\/index.php\/wp-json\/wp\/v2\/media?parent=45345"}],"wp:term":[{"taxonomy":"category","embeddable":true,"href":"https:\/\/noticiasdestaque.com.br\/index.php\/wp-json\/wp\/v2\/categories?post=45345"},{"taxonomy":"post_tag","embeddable":true,"href":"https:\/\/noticiasdestaque.com.br\/index.php\/wp-json\/wp\/v2\/tags?post=45345"}],"curies":[{"name":"wp","href":"https:\/\/api.w.org\/{rel}","templated":true}]}}