{"id":45339,"date":"2025-08-21T19:10:00","date_gmt":"2025-08-21T22:10:00","guid":{"rendered":"https:\/\/noticiasdestaque.com.br\/index.php\/2025\/08\/21\/previsao-do-tempo-regiao-sul-tera-sexta-feira-de-sol-e-tempo-firme\/"},"modified":"2025-08-21T19:10:00","modified_gmt":"2025-08-21T22:10:00","slug":"previsao-do-tempo-regiao-sul-tera-sexta-feira-de-sol-e-tempo-firme","status":"publish","type":"post","link":"https:\/\/noticiasdestaque.com.br\/index.php\/2025\/08\/21\/previsao-do-tempo-regiao-sul-tera-sexta-feira-de-sol-e-tempo-firme\/","title":{"rendered":"PREVIS\u00c3O DO TEMPO: Regi\u00e3o Sul ter\u00e1 sexta-feira de sol e tempo firme"},"content":{"rendered":"<p>\t\t\t\t\t\t\t\t\t\t<audio controls class=\"b61_audio_player\" data-noticia=\"84151\" src=\"https:\/\/brasil61.com\/rails\/active_storage\/blobs\/eyJfcmFpbHMiOnsibWVzc2FnZSI6IkJBaHBBeDZOQXc9PSIsImV4cCI6bnVsbCwicHVyIjoiYmxvYl9pZCJ9fQ==--d7028c3a27f2b77cfd577854afa7c13b73fdef49\/PTRS254043A\"><\/audio><\/p>\n<p>A sexta-feira (22) ser\u00e1 marcada pela melhora do tempo na Regi\u00e3o Sul, sem previs\u00e3o de chuva e com predom\u00ednio de sol em todos os estados.<\/p>\n<p>No <strong>Rio Grande do Sul<\/strong>, o dia ser\u00e1 de tempo firme, com c\u00e9u aberto, temperaturas em eleva\u00e7\u00e3o e ar mais seco, favorecendo a sensa\u00e7\u00e3o de calor \u00e0 tarde.<\/p>\n<\/p>\n<p>Em <strong>Santa Catarina<\/strong>, o sol retorna em todas as \u00e1reas, garantindo tempo est\u00e1vel e aumento gradual das temperaturas ao longo do dia.<\/p>\n<p>No <strong>Paran\u00e1<\/strong>, a sexta ser\u00e1 ensolarada, com calor predominando tanto no interior quanto nas \u00e1reas pr\u00f3ximas ao litoral, e baixa umidade relativa do ar durante a tarde.<\/p>\n<p>Entre as capitais, a temperatura m\u00ednima prevista \u00e9 de 13\u00b0C em <strong>Curitiba<\/strong>, j\u00e1 a m\u00e1xima est\u00e1 prevista para <strong>Porto Alegre<\/strong> e <strong>Curitiba<\/strong>, com 25\u00b0C. A umidade relativa do ar varia entre 45% e 90%.<\/p>\n<p>As informa\u00e7\u00f5es s\u00e3o do Instituto Nacional de Meteorologia (<a href=\"https:\/\/portal.inmet.gov.br\/\" target=\"_blank\">Inmet<\/a>).<br \/>\n\u00a0<\/p>\n<p>\t\t\t\t\t\t\t\t\t<img loading=\"lazy\" decoding=\"async\" src=\"https:\/\/brasil61.com\/api\/v1\/serve_pixel\/17677\/84151\" alt=\"Pixel Brasil 61\" class=\"b61_pixel\" width=\"0\" height=\"0\"><\/p>\n<input type=\"hidden\" id=\"baseurl\" value=\"https:\/\/noticiasdestaque.com.br\"><input type=\"hidden\" id=\"audio_nonce\" value=\"6f73a554f1\">","protected":false},"excerpt":{"rendered":"<p>Ap\u00f3s dias de instabilidade, sol predomina e calor volta a ganhar for\u00e7a em toda a Regi\u00e3o Sul<\/p>\n","protected":false},"author":1,"featured_media":45340,"comment_status":"open","ping_status":"open","sticky":false,"template":"","format":"standard","meta":{"fifu_image_url":"","fifu_image_alt":"","footnotes":""},"categories":[58],"tags":[],"class_list":["post-45339","post","type-post","status-publish","format-standard","has-post-thumbnail","hentry","category-cotidiano"],"distributor_meta":false,"distributor_terms":false,"distributor_media":false,"distributor_original_site_name":"Noticias em Destaque","distributor_original_site_url":"https:\/\/noticiasdestaque.com.br","push-errors":false,"_links":{"self":[{"href":"https:\/\/noticiasdestaque.com.br\/index.php\/wp-json\/wp\/v2\/posts\/45339","targetHints":{"allow":["GET"]}}],"collection":[{"href":"https:\/\/noticiasdestaque.com.br\/index.php\/wp-json\/wp\/v2\/posts"}],"about":[{"href":"https:\/\/noticiasdestaque.com.br\/index.php\/wp-json\/wp\/v2\/types\/post"}],"author":[{"embeddable":true,"href":"https:\/\/noticiasdestaque.com.br\/index.php\/wp-json\/wp\/v2\/users\/1"}],"replies":[{"embeddable":true,"href":"https:\/\/noticiasdestaque.com.br\/index.php\/wp-json\/wp\/v2\/comments?post=45339"}],"version-history":[{"count":0,"href":"https:\/\/noticiasdestaque.com.br\/index.php\/wp-json\/wp\/v2\/posts\/45339\/revisions"}],"wp:featuredmedia":[{"embeddable":true,"href":"https:\/\/noticiasdestaque.com.br\/index.php\/wp-json\/wp\/v2\/media\/45340"}],"wp:attachment":[{"href":"https:\/\/noticiasdestaque.com.br\/index.php\/wp-json\/wp\/v2\/media?parent=45339"}],"wp:term":[{"taxonomy":"category","embeddable":true,"href":"https:\/\/noticiasdestaque.com.br\/index.php\/wp-json\/wp\/v2\/categories?post=45339"},{"taxonomy":"post_tag","embeddable":true,"href":"https:\/\/noticiasdestaque.com.br\/index.php\/wp-json\/wp\/v2\/tags?post=45339"}],"curies":[{"name":"wp","href":"https:\/\/api.w.org\/{rel}","templated":true}]}}