{"id":45335,"date":"2025-08-21T18:55:00","date_gmt":"2025-08-21T21:55:00","guid":{"rendered":"https:\/\/noticiasdestaque.com.br\/index.php\/2025\/08\/21\/previsao-do-tempo-nordeste-tera-sol-predominante-e-tarde-sem-chuva-apos-longo-periodo-de-instabilidades\/"},"modified":"2025-08-21T18:55:00","modified_gmt":"2025-08-21T21:55:00","slug":"previsao-do-tempo-nordeste-tera-sol-predominante-e-tarde-sem-chuva-apos-longo-periodo-de-instabilidades","status":"publish","type":"post","link":"https:\/\/noticiasdestaque.com.br\/index.php\/2025\/08\/21\/previsao-do-tempo-nordeste-tera-sol-predominante-e-tarde-sem-chuva-apos-longo-periodo-de-instabilidades\/","title":{"rendered":"PREVIS\u00c3O DO TEMPO: Nordeste ter\u00e1 sol predominante e tarde sem chuva ap\u00f3s longo per\u00edodo de instabilidades"},"content":{"rendered":"<p>\t\t\t\t\t\t\t\t\t\t<audio controls class=\"b61_audio_player\" data-noticia=\"84150\" src=\"https:\/\/brasil61.com\/rails\/active_storage\/blobs\/eyJfcmFpbHMiOnsibWVzc2FnZSI6IkJBaHBBeDJOQXc9PSIsImV4cCI6bnVsbCwicHVyIjoiYmxvYl9pZCJ9fQ==--e3bcda143928fd0db9c76e18143385426c978050\/PTND254775A\"><\/audio><\/p>\n<p>A sexta-feira (22) ser\u00e1 marcada por tempo firme em praticamente todo o Nordeste, sem ocorr\u00eancia de chuvas, at\u00e9 mesmo nas \u00e1reas litor\u00e2neas que vinham registrando instabilidades nos \u00faltimos dias.<\/p>\n<p>No\u00a0<strong>Rio Grande do Norte, Para\u00edba, Pernambuco, Alagoas e Sergipe<\/strong>, a sexta ser\u00e1 de sol forte e tempo est\u00e1vel, com destaque para a aus\u00eancia de pancadas de chuva \u00e0 tarde, ap\u00f3s um longo per\u00edodo de instabilidades na faixa leste.<\/p>\n<p>No interior da regi\u00e3o, incluindo <strong>Bahia, Piau\u00ed e Cear\u00e1<\/strong>, o tempo segue firme, com predom\u00ednio de sol, calor intenso e baixos \u00edndices de umidade relativa do ar, exigindo cuidados extras com hidrata\u00e7\u00e3o, pele e sa\u00fade respirat\u00f3ria.<\/p>\n<p>Entre as capitais, a temperatura m\u00ednima prevista \u00e9 de 20\u00b0C em <strong>Salvador<\/strong>. J\u00e1 a m\u00e1xima pode alcan\u00e7ar os 36\u202f\u00b0C em <strong>Teresina<\/strong>. A umidade relativa do ar varia entre 40% e 100%, com os \u00edndices mais baixos concentrados no interior da regi\u00e3o.<\/p>\n<p>As informa\u00e7\u00f5es s\u00e3o do Instituto Nacional de Meteorologia (<a href=\"https:\/\/portal.inmet.gov.br\/\" target=\"_blank\">Inmet<\/a>).<br \/>\n\u00a0<\/p>\n<p>\t\t\t\t\t\t\t\t\t<img loading=\"lazy\" decoding=\"async\" src=\"https:\/\/brasil61.com\/api\/v1\/serve_pixel\/17677\/84150\" alt=\"Pixel Brasil 61\" class=\"b61_pixel\" width=\"0\" height=\"0\"><\/p>\n<input type=\"hidden\" id=\"baseurl\" value=\"https:\/\/noticiasdestaque.com.br\"><input type=\"hidden\" id=\"audio_nonce\" value=\"5128c810d9\">","protected":false},"excerpt":{"rendered":"<p>Depois de v\u00e1rios dias com pancadas no litoral, a regi\u00e3o ter\u00e1 uma sexta-feira de tempo firme, com sol forte, calor e baixa umidade em grande parte dos estados<\/p>\n","protected":false},"author":1,"featured_media":45336,"comment_status":"open","ping_status":"open","sticky":false,"template":"","format":"standard","meta":{"fifu_image_url":"","fifu_image_alt":"","footnotes":""},"categories":[58],"tags":[],"class_list":["post-45335","post","type-post","status-publish","format-standard","has-post-thumbnail","hentry","category-cotidiano"],"distributor_meta":false,"distributor_terms":false,"distributor_media":false,"distributor_original_site_name":"Noticias em Destaque","distributor_original_site_url":"https:\/\/noticiasdestaque.com.br","push-errors":false,"_links":{"self":[{"href":"https:\/\/noticiasdestaque.com.br\/index.php\/wp-json\/wp\/v2\/posts\/45335","targetHints":{"allow":["GET"]}}],"collection":[{"href":"https:\/\/noticiasdestaque.com.br\/index.php\/wp-json\/wp\/v2\/posts"}],"about":[{"href":"https:\/\/noticiasdestaque.com.br\/index.php\/wp-json\/wp\/v2\/types\/post"}],"author":[{"embeddable":true,"href":"https:\/\/noticiasdestaque.com.br\/index.php\/wp-json\/wp\/v2\/users\/1"}],"replies":[{"embeddable":true,"href":"https:\/\/noticiasdestaque.com.br\/index.php\/wp-json\/wp\/v2\/comments?post=45335"}],"version-history":[{"count":0,"href":"https:\/\/noticiasdestaque.com.br\/index.php\/wp-json\/wp\/v2\/posts\/45335\/revisions"}],"wp:featuredmedia":[{"embeddable":true,"href":"https:\/\/noticiasdestaque.com.br\/index.php\/wp-json\/wp\/v2\/media\/45336"}],"wp:attachment":[{"href":"https:\/\/noticiasdestaque.com.br\/index.php\/wp-json\/wp\/v2\/media?parent=45335"}],"wp:term":[{"taxonomy":"category","embeddable":true,"href":"https:\/\/noticiasdestaque.com.br\/index.php\/wp-json\/wp\/v2\/categories?post=45335"},{"taxonomy":"post_tag","embeddable":true,"href":"https:\/\/noticiasdestaque.com.br\/index.php\/wp-json\/wp\/v2\/tags?post=45335"}],"curies":[{"name":"wp","href":"https:\/\/api.w.org\/{rel}","templated":true}]}}