{"id":45331,"date":"2025-08-21T03:00:00","date_gmt":"2025-08-21T06:00:00","guid":{"rendered":"https:\/\/noticiasdestaque.com.br\/index.php\/2025\/08\/21\/vacina-contra-dengue-tem-eficacia-comprovada-em-adolescentes\/"},"modified":"2025-08-21T03:00:00","modified_gmt":"2025-08-21T06:00:00","slug":"vacina-contra-dengue-tem-eficacia-comprovada-em-adolescentes","status":"publish","type":"post","link":"https:\/\/noticiasdestaque.com.br\/index.php\/2025\/08\/21\/vacina-contra-dengue-tem-eficacia-comprovada-em-adolescentes\/","title":{"rendered":"Vacina contra dengue tem efic\u00e1cia comprovada em adolescentes"},"content":{"rendered":"<p>\t\t\t\t\t\t\t\t\t\t<audio controls class=\"b61_audio_player\" data-noticia=\"84131\" src=\"https:\/\/brasil61.com\/rails\/active_storage\/blobs\/eyJfcmFpbHMiOnsibWVzc2FnZSI6IkJBaHBBeGFNQXc9PSIsImV4cCI6bnVsbCwicHVyIjoiYmxvYl9pZCJ9fQ==--eadfa85415e3c279904494619c40a13afc270fd6\/BRAS2514561A\"><\/audio><\/p>\n<p style=\"text-align: justify\">Um estudo conduzido pela Fiocruz e pela Universidade Federal de Mato Grosso do Sul (UFMS) comprovou a efic\u00e1cia da vacina contra dengue TAK-003, conhecida como <strong>Qdenga<\/strong>, em adolescentes. A pesquisa, realizada no Brasil durante a epidemia de dengue de 2024, que vitimou mais de seis mil pessoas, foi publicada em 19 de agosto na revista cient\u00edfica <em>The Lancet Infectious Diseases<\/em>.<\/p>\n<p style=\"text-align: justify\">A vacina \u00e9 aprovada pela Ag\u00eancia Nacional de Vigil\u00e2ncia Sanit\u00e1ria (Anvisa) para pessoas de 4 a 60 anos, fornecida pelo Sistema \u00danico de Sa\u00fade (SUS) e atualmente tem sua aplica\u00e7\u00e3o focada em adolescentes entre a idade de 10 a 14 anos.\u00a0<\/p>\n<p style=\"text-align: justify\">Com base em mais de 92 mil testes realizados em jovens dessa faixa et\u00e1ria no estado de S\u00e3o Paulo, os resultados apontaram que uma<strong> \u00fanica dose da vacina oferece aproximadamente 50% de prote\u00e7\u00e3o contra casos sintom\u00e1ticos e 67,5% de efic\u00e1cia na preven\u00e7\u00e3o de hospitaliza\u00e7\u00f5es decorrentes da doen\u00e7a<\/strong>. A pesquisa tamb\u00e9m observou que a efic\u00e1cia da primeira dose diminui ap\u00f3s 90 dias, refor\u00e7ando a necessidade de complementar o esquema vacinal com duas doses.\u00a0<\/p>\n<p style=\"text-align: justify\">O <a href=\"https:\/\/www.thelancet.com\/journals\/laninf\/article\/PIIS1473-3099(25)00382-2\/abstract\" target=\"_blank\">estudo <\/a>utilizou o m\u00e9todo \u201cteste-negativo\u201d, que cruzou dados da vigil\u00e2ncia epidemiol\u00f3gica com registros de vacina\u00e7\u00e3o. Al\u00e9m disso, confirmou que a vacina \u00e9 eficaz contra os sorotipos 1 \u2014 o mais comum \u2014 \u00a0e 2, que tende a ser mais grave, do v\u00edrus da dengue.\u00a0<\/p>\n<p style=\"text-align: justify\">Segundo <a href=\"https:\/\/www.gov.br\/saude\/pt-br\/composicao\/svsa\/cnie\/observatorio-de-arboviroses\" target=\"_blank\">dados <\/a>do Minist\u00e9rio da Sa\u00fade, a situa\u00e7\u00e3o epidemiol\u00f3gica apresenta queda de 75,07% nos casos, em compara\u00e7\u00e3o com o ano passado. Em 2024, foram registrados 6.167 \u00f3bitos por dengue, enquanto em 2025, at\u00e9 o momento, foram relatados 1.584 mortes. Entre os 27 estados, o Acre \u00e9 o que apresenta maior crescimento no n\u00famero de casos, \u00e0 medida que outros registram redu\u00e7\u00e3o.\u00a0<\/p>\n<p style=\"text-align: justify\">A dengue \u00e9 uma arbovirose transmitida pela f\u00eamea do mosquito <em>Aedes aegypti,<\/em> respons\u00e1vel por surtos frequentes no pa\u00eds, especialmente na temporada chuvosa, de outubro a maio. Condi\u00e7\u00f5es como urbaniza\u00e7\u00e3o acelerada, falta de saneamento b\u00e1sico e fatores clim\u00e1ticos agravam o cen\u00e1rio e favorecem a contamina\u00e7\u00e3o.\u00a0<\/p>\n<p>\t\t\t\t\t\t\t\t\t<img loading=\"lazy\" decoding=\"async\" src=\"https:\/\/brasil61.com\/api\/v1\/serve_pixel\/17677\/84131\" alt=\"Pixel Brasil 61\" class=\"b61_pixel\" width=\"0\" height=\"0\"><\/p>\n<input type=\"hidden\" id=\"baseurl\" value=\"https:\/\/noticiasdestaque.com.br\"><input type=\"hidden\" id=\"audio_nonce\" value=\"6f73a554f1\">","protected":false},"excerpt":{"rendered":"<p>Pesquisa realizada no Brasil mostra que Qdenga reduz em at\u00e9 67,5% as hospitaliza\u00e7\u00f5es por dengue em jovens de 10 a 14 anos<\/p>\n","protected":false},"author":1,"featured_media":45332,"comment_status":"open","ping_status":"open","sticky":false,"template":"","format":"standard","meta":{"fifu_image_url":"","fifu_image_alt":"","footnotes":""},"categories":[51],"tags":[],"class_list":["post-45331","post","type-post","status-publish","format-standard","has-post-thumbnail","hentry","category-saude"],"distributor_meta":false,"distributor_terms":false,"distributor_media":false,"distributor_original_site_name":"Noticias em Destaque","distributor_original_site_url":"https:\/\/noticiasdestaque.com.br","push-errors":false,"_links":{"self":[{"href":"https:\/\/noticiasdestaque.com.br\/index.php\/wp-json\/wp\/v2\/posts\/45331","targetHints":{"allow":["GET"]}}],"collection":[{"href":"https:\/\/noticiasdestaque.com.br\/index.php\/wp-json\/wp\/v2\/posts"}],"about":[{"href":"https:\/\/noticiasdestaque.com.br\/index.php\/wp-json\/wp\/v2\/types\/post"}],"author":[{"embeddable":true,"href":"https:\/\/noticiasdestaque.com.br\/index.php\/wp-json\/wp\/v2\/users\/1"}],"replies":[{"embeddable":true,"href":"https:\/\/noticiasdestaque.com.br\/index.php\/wp-json\/wp\/v2\/comments?post=45331"}],"version-history":[{"count":0,"href":"https:\/\/noticiasdestaque.com.br\/index.php\/wp-json\/wp\/v2\/posts\/45331\/revisions"}],"wp:featuredmedia":[{"embeddable":true,"href":"https:\/\/noticiasdestaque.com.br\/index.php\/wp-json\/wp\/v2\/media\/45332"}],"wp:attachment":[{"href":"https:\/\/noticiasdestaque.com.br\/index.php\/wp-json\/wp\/v2\/media?parent=45331"}],"wp:term":[{"taxonomy":"category","embeddable":true,"href":"https:\/\/noticiasdestaque.com.br\/index.php\/wp-json\/wp\/v2\/categories?post=45331"},{"taxonomy":"post_tag","embeddable":true,"href":"https:\/\/noticiasdestaque.com.br\/index.php\/wp-json\/wp\/v2\/tags?post=45331"}],"curies":[{"name":"wp","href":"https:\/\/api.w.org\/{rel}","templated":true}]}}