{"id":45304,"date":"2025-08-20T07:00:00","date_gmt":"2025-08-20T10:00:00","guid":{"rendered":"https:\/\/noticiasdestaque.com.br\/index.php\/2025\/08\/20\/brasil-pode-perder-margem-para-investimentos-a-partir-de-2027-aponta-instituto-fiscal-independente-ifi-do-senado\/"},"modified":"2025-08-20T07:00:00","modified_gmt":"2025-08-20T10:00:00","slug":"brasil-pode-perder-margem-para-investimentos-a-partir-de-2027-aponta-instituto-fiscal-independente-ifi-do-senado","status":"publish","type":"post","link":"https:\/\/noticiasdestaque.com.br\/index.php\/2025\/08\/20\/brasil-pode-perder-margem-para-investimentos-a-partir-de-2027-aponta-instituto-fiscal-independente-ifi-do-senado\/","title":{"rendered":"Brasil pode perder margem para investimentos a partir de 2027, aponta Instituto Fiscal Independente (IFI), do Senado"},"content":{"rendered":"<p>\t\t\t\t\t\t\t\t\t\t<audio controls class=\"b61_audio_player\" data-noticia=\"84117\" src=\"https:\/\/brasil61.com\/rails\/active_storage\/blobs\/eyJfcmFpbHMiOnsibWVzc2FnZSI6IkJBaHBBNVNMQXc9PSIsImV4cCI6bnVsbCwicHVyIjoiYmxvYl9pZCJ9fQ==--42ce172cbe602037f1d03e2dfa328ba68f689192\/CACB250050A\"><\/audio><\/p>\n<p>O Brasil vive uma trajet\u00f3ria em que as despesas obrigat\u00f3rias avan\u00e7am de forma acelerada e pressionam o or\u00e7amento, mesmo diante de uma arrecada\u00e7\u00e3o recorde. Para ampliar a transpar\u00eancia e o controle social, a <a href=\"https:\/\/cacb.org.br\/\">Confedera\u00e7\u00e3o das Associa\u00e7\u00f5es Comerciais e Empresariais do Brasil (CACB)<\/a> lan\u00e7ou a plataforma Gasto Brasil, que mostra em tempo real o quanto \u00e9 gasto pelo governo federal, estados e munic\u00edpios.<\/p>\n<p>Segundo dados do Instituto Fiscal Independente (IFI), do Senado, a situa\u00e7\u00e3o \u00e9 cr\u00edtica: <strong>mais de 90% do or\u00e7amento <\/strong>j\u00e1 est\u00e1 comprometido com despesas obrigat\u00f3rias, como aposentadorias, sal\u00e1rios do funcionalismo, Bolsa Fam\u00edlia, sa\u00fade e educa\u00e7\u00e3o. Se nada mudar, a partir de 2027 o pa\u00eds poder\u00e1 viver um <strong>\u201capag\u00e3o fiscal\u201d<\/strong>, quando todos os recursos ser\u00e3o consumidos por gastos fixos, restando zero margem para investimentos em \u00e1reas como infraestrutura, saneamento e manuten\u00e7\u00e3o de servi\u00e7os p\u00fablicos b\u00e1sicos.<\/p>\n<p>\u201cAs despesas continuam em crescimento real e isso ocorre h\u00e1 v\u00e1rios anos. A dificuldade \u00e9 que o governo precisa financiar esse aumento sem conseguir ampliar receitas no mesmo ritmo\u201d, explica Alexandre Andrade, diretor do IFI. Ele lembra que decis\u00f5es tomadas na transi\u00e7\u00e3o de governo, como a retomada da pol\u00edtica de valoriza\u00e7\u00e3o do sal\u00e1rio m\u00ednimo e a reativa\u00e7\u00e3o dos pisos constitucionais de sa\u00fade e educa\u00e7\u00e3o, intensificaram a press\u00e3o sobre as contas.<\/p>\n<p>Al\u00e9m disso, alerta o especialista, a composi\u00e7\u00e3o do or\u00e7amento j\u00e1 mostra sinais de desequil\u00edbrio: \u201cAs despesas obrigat\u00f3rias crescem acima das discricion\u00e1rias, comprimindo gastos essenciais ao funcionamento da m\u00e1quina p\u00fablica e aos investimentos\u201d.<\/p>\n<h2>Transpar\u00eancia como aliada<\/h2>\n<p>Para ampliar a conscientiza\u00e7\u00e3o da sociedade sobre o tema, a CACB criou o <a href=\"https:\/\/gastobrasil.com.br\/\">Gasto Brasil<\/a>, ferramenta que j\u00e1 vem sendo adotada por associa\u00e7\u00f5es comerciais em todo o pa\u00eds. O presidente da Associa\u00e7\u00e3o Comercial e Industrial de Uberl\u00e2ndia (Aciub), F\u00e1bio T\u00falio Felippe, destaca o papel da plataforma como instrumento de participa\u00e7\u00e3o cidad\u00e3:<\/p>\n<p>\u201cO Gasto Brasil permite que entidades como a Aciub acompanhem, com dados oficiais, como os recursos est\u00e3o sendo aplicados. Isso nos d\u00e1 subs\u00eddios para dialogar com os governos e defender pol\u00edticas p\u00fablicas mais eficientes\u201d, afirma.<\/p>\n<p>Ele ressalta ainda a import\u00e2ncia do envolvimento social: \u201cQuando a comunidade tem acesso a informa\u00e7\u00f5es transparentes, pode cobrar mais e se engajar em debates que s\u00e3o essenciais para o desenvolvimento econ\u00f4mico e social\u201d.<\/p>\n<h2>Proje\u00e7\u00f5es preocupantes<\/h2>\n<p><strong>De acordo com o IFI:<\/strong><\/p>\n<ul>\n<li>At\u00e9 2027, n\u00e3o haver\u00e1 margem para custeio de servi\u00e7os b\u00e1sicos como estradas, portos e saneamento.<\/li>\n<li>A arrecada\u00e7\u00e3o federal, que hoje representa 18,3% do PIB, deve cair para 17,7% at\u00e9 2035.<\/li>\n<li>As despesas, por outro lado, devem subir de 18,9% para 20,4% do PIB no mesmo per\u00edodo.<\/li>\n<li>Isso comprometer\u00e1 at\u00e9 gastos operacionais de \u00f3rg\u00e3os p\u00fablicos, como combust\u00edvel, luz e telefonia.<\/li>\n<\/ul>\n<p>\n\u201cSe nada for feito, a rela\u00e7\u00e3o d\u00edvida\/PIB vai seguir em trajet\u00f3ria crescente, o que afeta a percep\u00e7\u00e3o de risco, encarece os juros e compromete o futuro da economia\u201d, adverte Alexandre Andrade.<\/p>\n<h2>Um debate inevit\u00e1vel<\/h2>\n<p>Para especialistas, a realidade fiscal do pa\u00eds exigir\u00e1 uma profunda reforma das despesas obrigat\u00f3rias j\u00e1 a partir de 2027. \u201c\u00c9 preciso rever a pol\u00edtica de vincula\u00e7\u00f5es e criar instrumentos de revis\u00e3o peri\u00f3dica de gastos, como j\u00e1 fazem pa\u00edses da OCDE\u201d, sugere Andrade.<\/p>\n<p>Enquanto isso, iniciativas como o Gasto Brasil tentam trazer o tema para mais perto da sociedade, permitindo que cidad\u00e3os, empres\u00e1rios e gestores tenham clareza de como os recursos p\u00fablicos est\u00e3o sendo aplicados.<\/p>\n<p>Como resume F\u00e1bio T\u00falio Felippe: \u201cTranspar\u00eancia \u00e9 o primeiro passo para cobrar efici\u00eancia. O Gasto Brasil coloca na m\u00e3o da sociedade a chance de participar ativamente desse debate\u201d.<\/p>\n<p>\t\t\t\t\t\t\t\t\t<img loading=\"lazy\" decoding=\"async\" src=\"https:\/\/brasil61.com\/api\/v1\/serve_pixel\/17677\/84117\" alt=\"Pixel Brasil 61\" class=\"b61_pixel\" width=\"0\" height=\"0\"><\/p>\n<input type=\"hidden\" id=\"baseurl\" value=\"https:\/\/noticiasdestaque.com.br\"><input type=\"hidden\" id=\"audio_nonce\" value=\"34245022d4\">","protected":false},"excerpt":{"rendered":"<p>Crescimento das despesas obrigat\u00f3rias amea\u00e7a servi\u00e7os b\u00e1sicos e amplia riscos econ\u00f4micos; Gasto Brasil surge como aliado da transpar\u00eancia<\/p>\n","protected":false},"author":1,"featured_media":45305,"comment_status":"open","ping_status":"open","sticky":false,"template":"","format":"standard","meta":{"fifu_image_url":"","fifu_image_alt":"","footnotes":""},"categories":[59],"tags":[],"class_list":["post-45304","post","type-post","status-publish","format-standard","has-post-thumbnail","hentry","category-economia"],"distributor_meta":false,"distributor_terms":false,"distributor_media":false,"distributor_original_site_name":"Noticias em Destaque","distributor_original_site_url":"https:\/\/noticiasdestaque.com.br","push-errors":false,"_links":{"self":[{"href":"https:\/\/noticiasdestaque.com.br\/index.php\/wp-json\/wp\/v2\/posts\/45304","targetHints":{"allow":["GET"]}}],"collection":[{"href":"https:\/\/noticiasdestaque.com.br\/index.php\/wp-json\/wp\/v2\/posts"}],"about":[{"href":"https:\/\/noticiasdestaque.com.br\/index.php\/wp-json\/wp\/v2\/types\/post"}],"author":[{"embeddable":true,"href":"https:\/\/noticiasdestaque.com.br\/index.php\/wp-json\/wp\/v2\/users\/1"}],"replies":[{"embeddable":true,"href":"https:\/\/noticiasdestaque.com.br\/index.php\/wp-json\/wp\/v2\/comments?post=45304"}],"version-history":[{"count":0,"href":"https:\/\/noticiasdestaque.com.br\/index.php\/wp-json\/wp\/v2\/posts\/45304\/revisions"}],"wp:featuredmedia":[{"embeddable":true,"href":"https:\/\/noticiasdestaque.com.br\/index.php\/wp-json\/wp\/v2\/media\/45305"}],"wp:attachment":[{"href":"https:\/\/noticiasdestaque.com.br\/index.php\/wp-json\/wp\/v2\/media?parent=45304"}],"wp:term":[{"taxonomy":"category","embeddable":true,"href":"https:\/\/noticiasdestaque.com.br\/index.php\/wp-json\/wp\/v2\/categories?post=45304"},{"taxonomy":"post_tag","embeddable":true,"href":"https:\/\/noticiasdestaque.com.br\/index.php\/wp-json\/wp\/v2\/tags?post=45304"}],"curies":[{"name":"wp","href":"https:\/\/api.w.org\/{rel}","templated":true}]}}