{"id":45300,"date":"2025-08-20T03:00:00","date_gmt":"2025-08-20T06:00:00","guid":{"rendered":"https:\/\/noticiasdestaque.com.br\/index.php\/2025\/08\/20\/reforma-tributaria-setor-produtivo-participa-de-encontro-em-brasilia-sobre-desafios-da-implementacao\/"},"modified":"2025-08-20T03:00:00","modified_gmt":"2025-08-20T06:00:00","slug":"reforma-tributaria-setor-produtivo-participa-de-encontro-em-brasilia-sobre-desafios-da-implementacao","status":"publish","type":"post","link":"https:\/\/noticiasdestaque.com.br\/index.php\/2025\/08\/20\/reforma-tributaria-setor-produtivo-participa-de-encontro-em-brasilia-sobre-desafios-da-implementacao\/","title":{"rendered":"Reforma Tribut\u00e1ria: setor produtivo participa de encontro em Bras\u00edlia sobre desafios da implementa\u00e7\u00e3o"},"content":{"rendered":"<p>\t\t\t\t\t\t\t\t\t\t<audio controls class=\"b61_audio_player\" data-noticia=\"84116\" src=\"https:\/\/brasil61.com\/rails\/active_storage\/blobs\/eyJfcmFpbHMiOnsibWVzc2FnZSI6IkJBaHBBNU9MQXc9PSIsImV4cCI6bnVsbCwicHVyIjoiYmxvYl9pZCJ9fQ==--f0a93141bf5eebd1198636102c1ccb5620bb7bf2\/CACB250049A\"><\/audio><\/p>\n<p>Representantes do setor produtivo, parlamentares e integrantes do governo se reuniram nesta ter\u00e7a-feira (19), em Bras\u00edlia, para discutir os pr\u00f3ximos passos da <strong>reforma tribut\u00e1ria<\/strong>. O encontro, promovido pela <strong>Uni\u00e3o Nacional de Entidades do Com\u00e9rcio e Servi\u00e7os (UNECS) <\/strong>e pela <strong>Frente Parlamentar do Com\u00e9rcio e Servi\u00e7os (FCS)<\/strong>, buscou avaliar os impactos da mudan\u00e7a no sistema de impostos e apontar ajustes necess\u00e1rios antes do in\u00edcio da fase de transi\u00e7\u00e3o, prevista para 2026.<\/p>\n<h2>Ajustes ainda em debate<\/h2>\n<p>Um dos temas centrais foi o regime do Simples Nacional, que concentra grande parte das empresas brasileiras. O vice-presidente jur\u00eddico da <a href=\"https:\/\/cacb.org.br\/\">Confedera\u00e7\u00e3o das Associa\u00e7\u00f5es Comerciais e Empresariais do Brasil (CACB)<\/a>, Anderson Trautman, lembrou que a proposta inicial da reforma n\u00e3o previa direito a cr\u00e9dito para as empresas do Simples \u2014 e que essa conquista s\u00f3 ocorreu ap\u00f3s forte mobiliza\u00e7\u00e3o.<\/p>\n<p>\u201cA proposta inicial da PEC 45 n\u00e3o permitia nenhum direito a cr\u00e9dito para os optantes do Simples Nacional. O cr\u00e9dito s\u00f3 foi conquistado gra\u00e7as a um movimento liderado pela CACB, com apoio da UNECS. A partir da\u00ed, houve o engajamento de outras entidades e conseguimos garantir o cr\u00e9dito proporcional \u00e0 faixa de enquadramento do optante pelo Simples Nacional.\u201d<\/p>\n<p>Trautman ressaltou ainda que o modelo da n\u00e3o cumulatividade, um dos pilares do novo sistema, pode trazer impactos importantes para empresas de menor porte e para a arrecada\u00e7\u00e3o. \u201cS\u00e3o in\u00fameros ajustes que ainda ser\u00e3o necess\u00e1rios durante a tramita\u00e7\u00e3o no Congresso Nacional para que a reforma tribut\u00e1ria traga aquilo que se pretende: simplifica\u00e7\u00e3o, redu\u00e7\u00e3o da burocracia e incremento da competitividade das nossas empresas.\u201d<\/p>\n<h2>Press\u00e3o por celeridade<\/h2>\n<p>No campo pol\u00edtico, o deputado <a href=\"https:\/\/www.camara.leg.br\/deputados\/178910\">Joaquim Passarinho (PL-PA)<\/a>, que preside a Frente Parlamentar do Empreendedorismo, defendeu mais rapidez na regulamenta\u00e7\u00e3o e destacou a relev\u00e2ncia do Comit\u00ea Gestor do Imposto sobre Bens e Servi\u00e7os (IBS), que ser\u00e1 respons\u00e1vel por definir as al\u00edquotas do novo tributo. Segundo ele, \u00e9 preciso garantir que o modelo esteja pronto j\u00e1 no in\u00edcio da transi\u00e7\u00e3o.<\/p>\n<p>O deputado <a href=\"https:\/\/www.camara.leg.br\/deputados\/160758\">Domingos S\u00e1vio (PL-MG)<\/a>, presidente da Frente Parlamentar de Com\u00e9rcio e Servi\u00e7os (FCS), tamb\u00e9m refor\u00e7ou a necessidade de aten\u00e7\u00e3o ao impacto da carga tribut\u00e1ria.<\/p>\n<p>\u201cN\u00f3s que produzimos, geramos emprego e geramos recursos para desenvolver qualquer pol\u00edtica p\u00fablica neste pa\u00eds temos que compreender melhor essa reforma tribut\u00e1ria. Eu entendo que d\u00e1 tempo de corrigir alguns erros fundamentais e, principalmente, impedir que outros erros venham a se somar, sobretudo na \u00e1rea tribut\u00e1ria e financeira.\u201d<\/p>\n<h2>Mobiliza\u00e7\u00e3o segue ativa<\/h2>\n<p>Com a proximidade da fase de transi\u00e7\u00e3o, entidades empresariais e parlamentares ligados ao empreendedorismo afirmam que v\u00e3o manter a mobiliza\u00e7\u00e3o. O objetivo \u00e9 garantir que a reforma cumpra sua promessa de simplifica\u00e7\u00e3o sem ampliar desigualdades entre regimes e setores da economia.<br \/>\n\u00a0<\/p>\n<p>\t\t\t\t\t\t\t\t\t<img loading=\"lazy\" decoding=\"async\" src=\"https:\/\/brasil61.com\/api\/v1\/serve_pixel\/17677\/84116\" alt=\"Pixel Brasil 61\" class=\"b61_pixel\" width=\"0\" height=\"0\"><\/p>\n<input type=\"hidden\" id=\"baseurl\" value=\"https:\/\/noticiasdestaque.com.br\"><input type=\"hidden\" id=\"audio_nonce\" value=\"c9f06e19e6\">","protected":false},"excerpt":{"rendered":"<p>Evento reuniu parlamentares, governo e lideran\u00e7as empresariais; debate destacou pontos de aten\u00e7\u00e3o para o com\u00e9rcio e os servi\u00e7os<\/p>\n","protected":false},"author":1,"featured_media":45301,"comment_status":"open","ping_status":"open","sticky":false,"template":"","format":"standard","meta":{"fifu_image_url":"","fifu_image_alt":"","footnotes":""},"categories":[59],"tags":[],"class_list":["post-45300","post","type-post","status-publish","format-standard","has-post-thumbnail","hentry","category-economia"],"distributor_meta":false,"distributor_terms":false,"distributor_media":false,"distributor_original_site_name":"Noticias em Destaque","distributor_original_site_url":"https:\/\/noticiasdestaque.com.br","push-errors":false,"_links":{"self":[{"href":"https:\/\/noticiasdestaque.com.br\/index.php\/wp-json\/wp\/v2\/posts\/45300","targetHints":{"allow":["GET"]}}],"collection":[{"href":"https:\/\/noticiasdestaque.com.br\/index.php\/wp-json\/wp\/v2\/posts"}],"about":[{"href":"https:\/\/noticiasdestaque.com.br\/index.php\/wp-json\/wp\/v2\/types\/post"}],"author":[{"embeddable":true,"href":"https:\/\/noticiasdestaque.com.br\/index.php\/wp-json\/wp\/v2\/users\/1"}],"replies":[{"embeddable":true,"href":"https:\/\/noticiasdestaque.com.br\/index.php\/wp-json\/wp\/v2\/comments?post=45300"}],"version-history":[{"count":0,"href":"https:\/\/noticiasdestaque.com.br\/index.php\/wp-json\/wp\/v2\/posts\/45300\/revisions"}],"wp:featuredmedia":[{"embeddable":true,"href":"https:\/\/noticiasdestaque.com.br\/index.php\/wp-json\/wp\/v2\/media\/45301"}],"wp:attachment":[{"href":"https:\/\/noticiasdestaque.com.br\/index.php\/wp-json\/wp\/v2\/media?parent=45300"}],"wp:term":[{"taxonomy":"category","embeddable":true,"href":"https:\/\/noticiasdestaque.com.br\/index.php\/wp-json\/wp\/v2\/categories?post=45300"},{"taxonomy":"post_tag","embeddable":true,"href":"https:\/\/noticiasdestaque.com.br\/index.php\/wp-json\/wp\/v2\/tags?post=45300"}],"curies":[{"name":"wp","href":"https:\/\/api.w.org\/{rel}","templated":true}]}}