{"id":45266,"date":"2025-08-19T03:00:00","date_gmt":"2025-08-19T06:00:00","guid":{"rendered":"https:\/\/noticiasdestaque.com.br\/index.php\/2025\/08\/19\/inflacao-desacelera-na-segunda-quadrissemana-de-agosto-aponta-fgv\/"},"modified":"2025-08-19T03:00:00","modified_gmt":"2025-08-19T06:00:00","slug":"inflacao-desacelera-na-segunda-quadrissemana-de-agosto-aponta-fgv","status":"publish","type":"post","link":"https:\/\/noticiasdestaque.com.br\/index.php\/2025\/08\/19\/inflacao-desacelera-na-segunda-quadrissemana-de-agosto-aponta-fgv\/","title":{"rendered":"Infla\u00e7\u00e3o desacelera na segunda quadrissemana de agosto, aponta FGV"},"content":{"rendered":"<p>\t\t\t\t\t\t\t\t\t\t<audio controls class=\"b61_audio_player\" data-noticia=\"84086\" src=\"https:\/\/brasil61.com\/rails\/active_storage\/blobs\/eyJfcmFpbHMiOnsibWVzc2FnZSI6IkJBaHBBek9LQXc9PSIsImV4cCI6bnVsbCwicHVyIjoiYmxvYl9pZCJ9fQ==--16d3f07eece38a9db84362d54e189e287321cbb9\/BRAS2514545B\"><\/audio><\/p>\n<p>Na segunda quadrissemana de agosto de 2025, o<strong> \u00edndice de Pre\u00e7os ao Consumidor Semanal (IPC-S)<\/strong>, medido pela Funda\u00e7\u00e3o Get\u00falio Vargas (FGV), registrou alta de 0,09%, acumulando, nos \u00faltimos 12 meses, uma varia\u00e7\u00e3o positiva de 4,31%. Esse resultado representa uma desacelera\u00e7\u00e3o em compara\u00e7\u00e3o \u00e0 alta de 0,38% observada na primeira quadrissemana do m\u00eas.<\/p>\n<\/p>\n<p style=\"text-align: justify\">Dos oito grupos que comp\u00f5em o \u00edndice, seis apresentaram redu\u00e7\u00e3o de varia\u00e7\u00e3o. O grupo <strong>Habita\u00e7\u00e3o <\/strong>passou de 1,00% para 0,18%, enquanto <strong>Educa\u00e7\u00e3o<\/strong>, <strong>Leitura <\/strong>e <strong>Recrea\u00e7\u00e3o <\/strong>recuaram para -0,44%. <strong>Alimenta\u00e7\u00e3o <\/strong>tamb\u00e9m registrou queda intensa dos pre\u00e7os, com -0,31%, ao lado de <strong>Transportes,\u00a0<\/strong>com -0,29%, <strong>Despesas Diversas,<\/strong> de 1,52% para 1,08% e <strong>Vestu\u00e1rio,\u00a0<\/strong>para 0,01%.<\/p>\n<p style=\"text-align: justify\">Segundo o economista <strong>C\u00e9sar Bergo<\/strong>, esse decr\u00e9scimo foi provocado, principalmente, pela queda nos pre\u00e7os dos combust\u00edveis, o que impactou diretamente o grupo dos transportes. \u201cProvocada principalmente pelo pre\u00e7o dos transportes, em fun\u00e7\u00e3o da queda no pre\u00e7o dos combust\u00edveis. Tamb\u00e9m contribuiu para isso o item educa\u00e7\u00e3o, onde tamb\u00e9m houve um recuo dos pre\u00e7os. Agora, o positivo \u00e9 o pre\u00e7o dos alimentos tamb\u00e9m, que acaba caindo. Isso vem acontecendo de maneira geral no pa\u00eds, sobretudo em fun\u00e7\u00e3o da entrada de algumas safras.\u201d, afirmou.\u00a0<\/p>\n<p style=\"text-align: justify\">TABELA DE VARIA\u00c7\u00c3O PERCENTUAL<\/p>\n<table>\n<caption>IPC-S \u2013 Varia\u00e7\u00e3o percentual por classe de despesa (FGV IBRE)<\/caption>\n<thead>\n<tr>\n<th rowspan=\"2\" scope=\"col\">Classe de Despesa<\/th>\n<th colspan=\"5\" scope=\"colgroup\">Varia\u00e7\u00e3o percentual<\/th>\n<\/tr>\n<tr>\n<th scope=\"col\">15.07.2025<\/th>\n<th scope=\"col\">22.07.2025<\/th>\n<th scope=\"col\">31.07.2025<\/th>\n<th scope=\"col\">07.08.2025<\/th>\n<th scope=\"col\">15.08.2025<\/th>\n<\/tr>\n<\/thead>\n<tbody>\n<tr>\n<th scope=\"row\">IPC-S<\/th>\n<td>0,25<\/td>\n<td>0,31<\/td>\n<td>0,37<\/td>\n<td>0,38<\/td>\n<td>0,09<\/td>\n<\/tr>\n<tr>\n<th scope=\"row\">Alimenta\u00e7\u00e3o<\/th>\n<td>0,01<\/td>\n<td>0,05<\/td>\n<td>-0,04<\/td>\n<td>-0,08<\/td>\n<td>-0,31<\/td>\n<\/tr>\n<tr>\n<th scope=\"row\">Habita\u00e7\u00e3o<\/th>\n<td>0,62<\/td>\n<td>0,77<\/td>\n<td>0,88<\/td>\n<td>1,00<\/td>\n<td>0,18<\/td>\n<\/tr>\n<tr>\n<th scope=\"row\">Vestu\u00e1rio<\/th>\n<td>0,01<\/td>\n<td>-0,30<\/td>\n<td>-0,07<\/td>\n<td>0,03<\/td>\n<td>0,01<\/td>\n<\/tr>\n<tr>\n<th scope=\"row\">Sa\u00fade e Cuidados Pessoais<\/th>\n<td>0,31<\/td>\n<td>0,39<\/td>\n<td>0,69<\/td>\n<td>0,66<\/td>\n<td>0,50<\/td>\n<\/tr>\n<tr>\n<th scope=\"row\">Educa\u00e7\u00e3o, Leitura e Recrea\u00e7\u00e3o<\/th>\n<td>0,93<\/td>\n<td>0,86<\/td>\n<td>0,66<\/td>\n<td>0,20<\/td>\n<td>-0,44<\/td>\n<\/tr>\n<tr>\n<th scope=\"row\">Transportes<\/th>\n<td>0,18<\/td>\n<td>0,29<\/td>\n<td>0,10<\/td>\n<td>0,13<\/td>\n<td>-0,29<\/td>\n<\/tr>\n<tr>\n<th scope=\"row\">Despesas Diversas<\/th>\n<td>0,47<\/td>\n<td>0,80<\/td>\n<td>1,10<\/td>\n<td>1,52<\/td>\n<td>1,08<\/td>\n<\/tr>\n<tr>\n<th scope=\"row\">Comunica\u00e7\u00e3o<\/th>\n<td>0,09<\/td>\n<td>0,05<\/td>\n<td>-0,09<\/td>\n<td>-0,02<\/td>\n<td>1,08<\/td>\n<\/tr>\n<\/tbody>\n<tfoot>\n<tr>\n<td colspan=\"6\">Fonte: FGV IBRE<\/td>\n<\/tr>\n<\/tfoot>\n<\/table>\n<p style=\"text-align: justify\">\nPara os munic\u00edpios, avalia o economista, esse equil\u00edbrio nos pre\u00e7os \u00e9 essencial, pois permite que o consumidor mantenha seu poder de compra, movimentando a economia local e contribuindo para a estabilidade dos or\u00e7amentos familiares.\u00a0<\/p>\n<p style=\"text-align: justify\">De acordo com <strong>Guidi Nunes<\/strong>, conselheiro do Corecon-DF, o resultado do IPC-S indica que a infla\u00e7\u00e3o permanece controlada e abre a possibilidade de uma eventual defla\u00e7\u00e3o ao longo do m\u00eas. \u201cAgora, que fatores est\u00e3o contribuindo para esse cen\u00e1rio? A taxa\u00e7\u00e3o dos Estados Unidos aos produtos exportados pelo Brasil. Esses produtos que est\u00e3o fora da lista de exce\u00e7\u00e3o, que s\u00e3o aproximadamente 3.300 produtos, ao gerar um excesso de oferta, ou eles ao serem ofertados no mercado interno, ent\u00e3o aumenta a oferta. Ao aumentar a oferta, reduz o pre\u00e7o, ou pelo menos diminui a press\u00e3o para o aumento de pre\u00e7o desses produtos\u201d, apontou.\u00a0<\/p>\n<p style=\"text-align: justify\">Al\u00e9m disso, ressalta que a valoriza\u00e7\u00e3o do real, a queda nos pre\u00e7os internacionais de commodities e uma safra agr\u00edcola robusta ajudam a conter a infla\u00e7\u00e3o. \u201cTivemos uma valoriza\u00e7\u00e3o do real frente ao d\u00f3lar de 12% aproximadamente, ao longo do primeiro semestre de 2025. Queda nos pre\u00e7os internacionais dos produtos exportados pelo Brasil, como soja, milho, v\u00e1rios produtos tiveram queda. Por qu\u00ea? Porque voc\u00ea n\u00e3o est\u00e1 tendo um crescimento internacional e econ\u00f4mico pujante como nos anos anteriores\u201d, explicou.\u00a0<\/p>\n<p style=\"text-align: justify\">Com a continuidade do recuo nos pre\u00e7os dos combust\u00edveis e a possibilidade de redu\u00e7\u00e3o da bandeira tarif\u00e1ria de energia el\u00e9trica, a trajet\u00f3ria de modera\u00e7\u00e3o da infla\u00e7\u00e3o deve se manter nas pr\u00f3ximas semanas.<br \/>\n\u00a0<\/p>\n<p>\t\t\t\t\t\t\t\t\t<img loading=\"lazy\" decoding=\"async\" src=\"https:\/\/brasil61.com\/api\/v1\/serve_pixel\/17677\/84086\" alt=\"Pixel Brasil 61\" class=\"b61_pixel\" width=\"0\" height=\"0\"><\/p>\n<input type=\"hidden\" id=\"baseurl\" value=\"https:\/\/noticiasdestaque.com.br\"><input type=\"hidden\" id=\"audio_nonce\" value=\"5128c810d9\">","protected":false},"excerpt":{"rendered":"<p>Com recuo nos pre\u00e7os de combust\u00edveis, alimentos e educa\u00e7\u00e3o, a infla\u00e7\u00e3o medida pelo IPC-S registrou alta de 0,09%<\/p>\n","protected":false},"author":1,"featured_media":45267,"comment_status":"open","ping_status":"open","sticky":false,"template":"","format":"standard","meta":{"fifu_image_url":"","fifu_image_alt":"","footnotes":""},"categories":[59],"tags":[],"class_list":["post-45266","post","type-post","status-publish","format-standard","has-post-thumbnail","hentry","category-economia"],"distributor_meta":false,"distributor_terms":false,"distributor_media":false,"distributor_original_site_name":"Noticias em Destaque","distributor_original_site_url":"https:\/\/noticiasdestaque.com.br","push-errors":false,"_links":{"self":[{"href":"https:\/\/noticiasdestaque.com.br\/index.php\/wp-json\/wp\/v2\/posts\/45266","targetHints":{"allow":["GET"]}}],"collection":[{"href":"https:\/\/noticiasdestaque.com.br\/index.php\/wp-json\/wp\/v2\/posts"}],"about":[{"href":"https:\/\/noticiasdestaque.com.br\/index.php\/wp-json\/wp\/v2\/types\/post"}],"author":[{"embeddable":true,"href":"https:\/\/noticiasdestaque.com.br\/index.php\/wp-json\/wp\/v2\/users\/1"}],"replies":[{"embeddable":true,"href":"https:\/\/noticiasdestaque.com.br\/index.php\/wp-json\/wp\/v2\/comments?post=45266"}],"version-history":[{"count":0,"href":"https:\/\/noticiasdestaque.com.br\/index.php\/wp-json\/wp\/v2\/posts\/45266\/revisions"}],"wp:featuredmedia":[{"embeddable":true,"href":"https:\/\/noticiasdestaque.com.br\/index.php\/wp-json\/wp\/v2\/media\/45267"}],"wp:attachment":[{"href":"https:\/\/noticiasdestaque.com.br\/index.php\/wp-json\/wp\/v2\/media?parent=45266"}],"wp:term":[{"taxonomy":"category","embeddable":true,"href":"https:\/\/noticiasdestaque.com.br\/index.php\/wp-json\/wp\/v2\/categories?post=45266"},{"taxonomy":"post_tag","embeddable":true,"href":"https:\/\/noticiasdestaque.com.br\/index.php\/wp-json\/wp\/v2\/tags?post=45266"}],"curies":[{"name":"wp","href":"https:\/\/api.w.org\/{rel}","templated":true}]}}