{"id":45262,"date":"2025-08-19T02:00:00","date_gmt":"2025-08-19T05:00:00","guid":{"rendered":"https:\/\/noticiasdestaque.com.br\/index.php\/2025\/08\/19\/previsao-do-tempo-instabilidades-provocam-chuva-no-norte-do-acre-e-em-parte-da-regiao-norte-na-terca-feira-19\/"},"modified":"2025-08-19T02:00:00","modified_gmt":"2025-08-19T05:00:00","slug":"previsao-do-tempo-instabilidades-provocam-chuva-no-norte-do-acre-e-em-parte-da-regiao-norte-na-terca-feira-19","status":"publish","type":"post","link":"https:\/\/noticiasdestaque.com.br\/index.php\/2025\/08\/19\/previsao-do-tempo-instabilidades-provocam-chuva-no-norte-do-acre-e-em-parte-da-regiao-norte-na-terca-feira-19\/","title":{"rendered":"PREVIS\u00c3O DO TEMPO: Instabilidades provocam chuva no norte do Acre e em parte da Regi\u00e3o Norte na ter\u00e7a-feira (19)"},"content":{"rendered":"<p>\t\t\t\t\t\t\t\t\t\t<audio controls class=\"b61_audio_player\" data-noticia=\"84083\" src=\"https:\/\/brasil61.com\/rails\/active_storage\/blobs\/eyJfcmFpbHMiOnsibWVzc2FnZSI6IkJBaHBBeTJLQXc9PSIsImV4cCI6bnVsbCwicHVyIjoiYmxvYl9pZCJ9fQ==--c6b94254d43e7a6aa279698400ae8c850be2599c\/PTRN254524C\"><\/audio><\/p>\n<p>A ter\u00e7a-feira (19) ser\u00e1 marcada pela atua\u00e7\u00e3o de \u00e1reas de instabilidade em parte da Regi\u00e3o Norte, mantendo as condi\u00e7\u00f5es para forma\u00e7\u00e3o de nuvens carregadas e pancadas de chuva, sobretudo no norte do<strong> Acre, Amazonas, Par\u00e1, Amap\u00e1 e Roraima<\/strong>. A combina\u00e7\u00e3o de calor e alta umidade favorece precipita\u00e7\u00f5es durante a tarde e \u00e0 noite, em alguns pontos acompanhadas de trovoadas.<\/p>\n<p>\nNo <strong>Acre<\/strong>, o tempo ser\u00e1 dividido: enquanto o norte do estado ter\u00e1 c\u00e9u nublado e pancadas de chuva isoladas ao longo do dia, o sul permanece com sol predominante, tempo firme e temperaturas elevadas.<\/p>\n<p>\nNo <strong>Amazonas<\/strong>, as chuvas se concentram nas regi\u00f5es central e norte, podendo ser localmente fortes em alguns momentos.<\/p>\n<p>\nNo <strong>Par\u00e1<\/strong>, h\u00e1 previs\u00e3o de pancadas de chuva principalmente no centro e norte do estado, enquanto o sul segue seco e ensolarado.<\/p>\n<p>\nNo <strong>Amap\u00e1 <\/strong>e em <strong>Roraima<\/strong>, o cen\u00e1rio \u00e9 de maior instabilidade, com c\u00e9u encoberto e chuva frequente em todas as \u00e1reas, acompanhada de eventuais rajadas de vento.<\/p>\n<p>\nNas demais \u00e1reas da regi\u00e3o, o sol predomina e o calor intenso continua sendo destaque, com m\u00e1ximas elevadas.<\/p>\n<p>\nEntre as capitais, a temperatura m\u00ednima prevista \u00e9 de 23\u00b0C em <strong>Rio Branco <\/strong>e <strong>Palmas<\/strong>, j\u00e1 a m\u00e1xima est\u00e1 prevista para <strong>Palmas <\/strong>e <strong>Manaus <\/strong>com 35\u00b0C. A umidade relativa do ar varia entre 30% e 100%.<\/p>\n<p>\nAs informa\u00e7\u00f5es s\u00e3o do Instituto Nacional de Meteorologia (<a href=\"https:\/\/portal.inmet.gov.br\/\" target=\"_blank\">Inmet<\/a>).<br \/>\n\u00a0<\/p>\n<p>\t\t\t\t\t\t\t\t\t<img loading=\"lazy\" decoding=\"async\" src=\"https:\/\/brasil61.com\/api\/v1\/serve_pixel\/17677\/84083\" alt=\"Pixel Brasil 61\" class=\"b61_pixel\" width=\"0\" height=\"0\"><\/p>\n<input type=\"hidden\" id=\"baseurl\" value=\"https:\/\/noticiasdestaque.com.br\"><input type=\"hidden\" id=\"audio_nonce\" value=\"6f73a554f1\">","protected":false},"excerpt":{"rendered":"<p>Calor e alta umidade favorecem pancadas de chuva em diferentes \u00e1reas da regi\u00e3o<\/p>\n","protected":false},"author":1,"featured_media":45263,"comment_status":"open","ping_status":"open","sticky":false,"template":"","format":"standard","meta":{"fifu_image_url":"","fifu_image_alt":"","footnotes":""},"categories":[58],"tags":[],"class_list":["post-45262","post","type-post","status-publish","format-standard","has-post-thumbnail","hentry","category-cotidiano"],"distributor_meta":false,"distributor_terms":false,"distributor_media":false,"distributor_original_site_name":"Noticias em Destaque","distributor_original_site_url":"https:\/\/noticiasdestaque.com.br","push-errors":false,"_links":{"self":[{"href":"https:\/\/noticiasdestaque.com.br\/index.php\/wp-json\/wp\/v2\/posts\/45262","targetHints":{"allow":["GET"]}}],"collection":[{"href":"https:\/\/noticiasdestaque.com.br\/index.php\/wp-json\/wp\/v2\/posts"}],"about":[{"href":"https:\/\/noticiasdestaque.com.br\/index.php\/wp-json\/wp\/v2\/types\/post"}],"author":[{"embeddable":true,"href":"https:\/\/noticiasdestaque.com.br\/index.php\/wp-json\/wp\/v2\/users\/1"}],"replies":[{"embeddable":true,"href":"https:\/\/noticiasdestaque.com.br\/index.php\/wp-json\/wp\/v2\/comments?post=45262"}],"version-history":[{"count":0,"href":"https:\/\/noticiasdestaque.com.br\/index.php\/wp-json\/wp\/v2\/posts\/45262\/revisions"}],"wp:featuredmedia":[{"embeddable":true,"href":"https:\/\/noticiasdestaque.com.br\/index.php\/wp-json\/wp\/v2\/media\/45263"}],"wp:attachment":[{"href":"https:\/\/noticiasdestaque.com.br\/index.php\/wp-json\/wp\/v2\/media?parent=45262"}],"wp:term":[{"taxonomy":"category","embeddable":true,"href":"https:\/\/noticiasdestaque.com.br\/index.php\/wp-json\/wp\/v2\/categories?post=45262"},{"taxonomy":"post_tag","embeddable":true,"href":"https:\/\/noticiasdestaque.com.br\/index.php\/wp-json\/wp\/v2\/tags?post=45262"}],"curies":[{"name":"wp","href":"https:\/\/api.w.org\/{rel}","templated":true}]}}