{"id":45260,"date":"2025-08-19T02:00:00","date_gmt":"2025-08-19T05:00:00","guid":{"rendered":"https:\/\/noticiasdestaque.com.br\/index.php\/2025\/08\/19\/previsao-do-tempo-instabilidades-avancam-e-levam-chuva-a-grande-parte-do-rio-grande-do-sul-e-ao-sul-do-parana-e-santa-catarina-na-terca-feira-19\/"},"modified":"2025-08-19T02:00:00","modified_gmt":"2025-08-19T05:00:00","slug":"previsao-do-tempo-instabilidades-avancam-e-levam-chuva-a-grande-parte-do-rio-grande-do-sul-e-ao-sul-do-parana-e-santa-catarina-na-terca-feira-19","status":"publish","type":"post","link":"https:\/\/noticiasdestaque.com.br\/index.php\/2025\/08\/19\/previsao-do-tempo-instabilidades-avancam-e-levam-chuva-a-grande-parte-do-rio-grande-do-sul-e-ao-sul-do-parana-e-santa-catarina-na-terca-feira-19\/","title":{"rendered":"PREVIS\u00c3O DO TEMPO: Instabilidades avan\u00e7am e levam chuva a grande parte do Rio Grande do Sul e ao sul do Paran\u00e1 e Santa Catarina na ter\u00e7a-feira (19)"},"content":{"rendered":"<p>\t\t\t\t\t\t\t\t\t\t<audio controls class=\"b61_audio_player\" data-noticia=\"84081\" src=\"https:\/\/brasil61.com\/rails\/active_storage\/blobs\/eyJfcmFpbHMiOnsibWVzc2FnZSI6IkJBaHBBeWlLQXc9PSIsImV4cCI6bnVsbCwicHVyIjoiYmxvYl9pZCJ9fQ==--4e927a2919adb9b7f7e3a7279d92a5da0e7890c1\/PTRS254040A\"><\/audio><\/p>\n<p>A ter\u00e7a-feira (19) ser\u00e1 marcada pelo retorno da instabilidade em boa parte da Regi\u00e3o Sul. \u00c1reas de baixa press\u00e3o atmosf\u00e9rica e a aproxima\u00e7\u00e3o de uma frente fria favorecem o aumento da nebulosidade e a ocorr\u00eancia de chuva em quase todo o <strong>Rio Grande do Sul<\/strong>, al\u00e9m do sul de <strong>Santa Catarina<\/strong> e do <strong>Paran\u00e1<\/strong>. Nas demais \u00e1reas, o sol ainda aparece, mas com varia\u00e7\u00e3o de nuvens.<\/p>\n<p>\nNo<strong> Rio Grande do Sul<\/strong>, a chuva se espalha por praticamente todo o estado, sendo mais intensa no centro, sul e oeste, onde pode vir acompanhada de trovoadas. O tempo segue inst\u00e1vel ao longo do dia, e as temperaturas ficam mais amenas devido \u00e0 maior cobertura de nuvens.<\/p>\n<p>\nEm <strong>Santa Catarina<\/strong>, o sul do estado ter\u00e1 c\u00e9u encoberto e pancadas de chuva intermitentes, enquanto o norte e o planalto ainda registram predom\u00ednio de sol e tempo firme.<\/p>\n<p>\nNo <strong>Paran\u00e1<\/strong>, a instabilidade atinge o sul do estado, com previs\u00e3o de pancadas de chuva a partir da tarde. J\u00e1 nas demais \u00e1reas paranaenses, o tempo segue seco, ensolarado e com temperaturas em eleva\u00e7\u00e3o.<\/p>\n<p>\nEntre as capitais, a temperatura m\u00ednima prevista \u00e9 de 11\u00b0C em <strong>Curitiba<\/strong>, j\u00e1 a m\u00e1xima est\u00e1 prevista para <strong>Florian\u00f3polis<\/strong>, com 20\u00b0C. A umidade relativa do ar varia entre 45% e 90%.<\/p>\n<p>\nAs informa\u00e7\u00f5es s\u00e3o do Instituto Nacional de Meteorologia (<a href=\"https:\/\/portal.inmet.gov.br\/\" target=\"_blank\">Inmet<\/a>).<br \/>\n\u00a0<\/p>\n<p>\t\t\t\t\t\t\t\t\t<img loading=\"lazy\" decoding=\"async\" src=\"https:\/\/brasil61.com\/api\/v1\/serve_pixel\/17677\/84081\" alt=\"Pixel Brasil 61\" class=\"b61_pixel\" width=\"0\" height=\"0\"><\/p>\n<input type=\"hidden\" id=\"baseurl\" value=\"https:\/\/noticiasdestaque.com.br\"><input type=\"hidden\" id=\"audio_nonce\" value=\"6f73a554f1\">","protected":false},"excerpt":{"rendered":"<p>Tempo firme resiste apenas em \u00e1reas do norte da Regi\u00e3o Sul<\/p>\n","protected":false},"author":1,"featured_media":45261,"comment_status":"open","ping_status":"open","sticky":false,"template":"","format":"standard","meta":{"fifu_image_url":"","fifu_image_alt":"","footnotes":""},"categories":[58],"tags":[],"class_list":["post-45260","post","type-post","status-publish","format-standard","has-post-thumbnail","hentry","category-cotidiano"],"distributor_meta":false,"distributor_terms":false,"distributor_media":false,"distributor_original_site_name":"Noticias em Destaque","distributor_original_site_url":"https:\/\/noticiasdestaque.com.br","push-errors":false,"_links":{"self":[{"href":"https:\/\/noticiasdestaque.com.br\/index.php\/wp-json\/wp\/v2\/posts\/45260","targetHints":{"allow":["GET"]}}],"collection":[{"href":"https:\/\/noticiasdestaque.com.br\/index.php\/wp-json\/wp\/v2\/posts"}],"about":[{"href":"https:\/\/noticiasdestaque.com.br\/index.php\/wp-json\/wp\/v2\/types\/post"}],"author":[{"embeddable":true,"href":"https:\/\/noticiasdestaque.com.br\/index.php\/wp-json\/wp\/v2\/users\/1"}],"replies":[{"embeddable":true,"href":"https:\/\/noticiasdestaque.com.br\/index.php\/wp-json\/wp\/v2\/comments?post=45260"}],"version-history":[{"count":0,"href":"https:\/\/noticiasdestaque.com.br\/index.php\/wp-json\/wp\/v2\/posts\/45260\/revisions"}],"wp:featuredmedia":[{"embeddable":true,"href":"https:\/\/noticiasdestaque.com.br\/index.php\/wp-json\/wp\/v2\/media\/45261"}],"wp:attachment":[{"href":"https:\/\/noticiasdestaque.com.br\/index.php\/wp-json\/wp\/v2\/media?parent=45260"}],"wp:term":[{"taxonomy":"category","embeddable":true,"href":"https:\/\/noticiasdestaque.com.br\/index.php\/wp-json\/wp\/v2\/categories?post=45260"},{"taxonomy":"post_tag","embeddable":true,"href":"https:\/\/noticiasdestaque.com.br\/index.php\/wp-json\/wp\/v2\/tags?post=45260"}],"curies":[{"name":"wp","href":"https:\/\/api.w.org\/{rel}","templated":true}]}}