{"id":45258,"date":"2025-08-19T02:00:00","date_gmt":"2025-08-19T05:00:00","guid":{"rendered":"https:\/\/noticiasdestaque.com.br\/index.php\/2025\/08\/19\/previsao-do-tempo-chuva-se-concentra-no-litoral-do-nordeste-entre-o-rio-grande-do-norte-e-a-bahia-na-terca-feira-19\/"},"modified":"2025-08-19T02:00:00","modified_gmt":"2025-08-19T05:00:00","slug":"previsao-do-tempo-chuva-se-concentra-no-litoral-do-nordeste-entre-o-rio-grande-do-norte-e-a-bahia-na-terca-feira-19","status":"publish","type":"post","link":"https:\/\/noticiasdestaque.com.br\/index.php\/2025\/08\/19\/previsao-do-tempo-chuva-se-concentra-no-litoral-do-nordeste-entre-o-rio-grande-do-norte-e-a-bahia-na-terca-feira-19\/","title":{"rendered":"PREVIS\u00c3O DO TEMPO: Chuva se concentra no litoral do Nordeste, entre o Rio Grande do Norte e a Bahia, na ter\u00e7a-feira (19)"},"content":{"rendered":"<p>\t\t\t\t\t\t\t\t\t\t<audio controls class=\"b61_audio_player\" data-noticia=\"84080\" src=\"https:\/\/brasil61.com\/rails\/active_storage\/blobs\/eyJfcmFpbHMiOnsibWVzc2FnZSI6IkJBaHBBeW1LQXc9PSIsImV4cCI6bnVsbCwicHVyIjoiYmxvYl9pZCJ9fQ==--1fed6523977ca9ccf9e2e81d0279bf9ac05b044f\/PTND254772A\"><\/audio><\/p>\n<p>A ter\u00e7a-feira (19) ser\u00e1 marcada por instabilidades no litoral do Nordeste, favorecendo a ocorr\u00eancia de chuva isolada desde o <strong>Rio Grande do Norte <\/strong>at\u00e9 a <strong>Bahia<\/strong>. As precipita\u00e7\u00f5es, em geral de intensidade fraca a moderada, devem ocorrer em diferentes momentos do dia, principalmente nas capitais e \u00e1reas pr\u00f3ximas \u00e0 costa. J\u00e1 no interior, o tempo permanece firme e seco, com predom\u00ednio de sol e calor.<\/p>\n<p>\nNo <strong>Rio Grande do Norte, Para\u00edba, Pernambuco<\/strong> e <strong>Alagoas<\/strong>, o dia ter\u00e1 varia\u00e7\u00e3o de nebulosidade e pancadas de chuva intercaladas por per\u00edodos de melhoria, sobretudo nas \u00e1reas litor\u00e2neas.<\/p>\n<p>\nNa <strong>Bahia<\/strong>, o litoral leste ter\u00e1 c\u00e9u parcialmente nublado e momentos de chuva isolada ao longo do dia. No interior baiano, o sol predomina, com altas temperaturas e baixa umidade relativa do ar.<\/p>\n<p>\nNo <strong>Piau\u00ed <\/strong>e no <strong>Cear\u00e1<\/strong>, n\u00e3o h\u00e1 previs\u00e3o de chuva. O tempo ser\u00e1 firme em praticamente todas as \u00e1reas, com c\u00e9u aberto, sol intenso e queda acentuada da umidade durante a tarde, exigindo cuidados extras com hidrata\u00e7\u00e3o e sa\u00fade respirat\u00f3ria.<\/p>\n<p>\nEntre as capitais, a temperatura m\u00ednima prevista \u00e9 de 19\u00b0C em <strong>Macei\u00f3 <\/strong>e <strong>Aracaju<\/strong>. J\u00e1 a m\u00e1xima pode alcan\u00e7ar os 36\u202f\u00b0C em <strong>Teresina<\/strong>. A umidade relativa do ar varia entre 40% e 100%, com os \u00edndices mais baixos concentrados no interior da regi\u00e3o.<\/p>\n<p>\nAs informa\u00e7\u00f5es s\u00e3o do Instituto Nacional de Meteorologia (<a href=\"https:\/\/portal.inmet.gov.br\/\" target=\"_blank\">Inmet<\/a>).<br \/>\n\u00a0<\/p>\n<p>\t\t\t\t\t\t\t\t\t<img loading=\"lazy\" decoding=\"async\" src=\"https:\/\/brasil61.com\/api\/v1\/serve_pixel\/17677\/84080\" alt=\"Pixel Brasil 61\" class=\"b61_pixel\" width=\"0\" height=\"0\"><\/p>\n<input type=\"hidden\" id=\"baseurl\" value=\"https:\/\/noticiasdestaque.com.br\"><input type=\"hidden\" id=\"audio_nonce\" value=\"6f73a554f1\">","protected":false},"excerpt":{"rendered":"<p> Interior da regi\u00e3o segue com tempo firme, sol e ar seco, especialmente no Piau\u00ed e no Cear\u00e1<\/p>\n","protected":false},"author":1,"featured_media":45259,"comment_status":"open","ping_status":"open","sticky":false,"template":"","format":"standard","meta":{"fifu_image_url":"","fifu_image_alt":"","footnotes":""},"categories":[58],"tags":[],"class_list":["post-45258","post","type-post","status-publish","format-standard","has-post-thumbnail","hentry","category-cotidiano"],"distributor_meta":false,"distributor_terms":false,"distributor_media":false,"distributor_original_site_name":"Noticias em Destaque","distributor_original_site_url":"https:\/\/noticiasdestaque.com.br","push-errors":false,"_links":{"self":[{"href":"https:\/\/noticiasdestaque.com.br\/index.php\/wp-json\/wp\/v2\/posts\/45258","targetHints":{"allow":["GET"]}}],"collection":[{"href":"https:\/\/noticiasdestaque.com.br\/index.php\/wp-json\/wp\/v2\/posts"}],"about":[{"href":"https:\/\/noticiasdestaque.com.br\/index.php\/wp-json\/wp\/v2\/types\/post"}],"author":[{"embeddable":true,"href":"https:\/\/noticiasdestaque.com.br\/index.php\/wp-json\/wp\/v2\/users\/1"}],"replies":[{"embeddable":true,"href":"https:\/\/noticiasdestaque.com.br\/index.php\/wp-json\/wp\/v2\/comments?post=45258"}],"version-history":[{"count":0,"href":"https:\/\/noticiasdestaque.com.br\/index.php\/wp-json\/wp\/v2\/posts\/45258\/revisions"}],"wp:featuredmedia":[{"embeddable":true,"href":"https:\/\/noticiasdestaque.com.br\/index.php\/wp-json\/wp\/v2\/media\/45259"}],"wp:attachment":[{"href":"https:\/\/noticiasdestaque.com.br\/index.php\/wp-json\/wp\/v2\/media?parent=45258"}],"wp:term":[{"taxonomy":"category","embeddable":true,"href":"https:\/\/noticiasdestaque.com.br\/index.php\/wp-json\/wp\/v2\/categories?post=45258"},{"taxonomy":"post_tag","embeddable":true,"href":"https:\/\/noticiasdestaque.com.br\/index.php\/wp-json\/wp\/v2\/tags?post=45258"}],"curies":[{"name":"wp","href":"https:\/\/api.w.org\/{rel}","templated":true}]}}