{"id":45254,"date":"2025-08-19T02:00:00","date_gmt":"2025-08-19T05:00:00","guid":{"rendered":"https:\/\/noticiasdestaque.com.br\/index.php\/2025\/08\/19\/previsao-do-tempo-instabilidades-avancam-e-levam-chuva-ao-interior-de-sao-paulo-na-terca-feira-19\/"},"modified":"2025-08-19T02:00:00","modified_gmt":"2025-08-19T05:00:00","slug":"previsao-do-tempo-instabilidades-avancam-e-levam-chuva-ao-interior-de-sao-paulo-na-terca-feira-19","status":"publish","type":"post","link":"https:\/\/noticiasdestaque.com.br\/index.php\/2025\/08\/19\/previsao-do-tempo-instabilidades-avancam-e-levam-chuva-ao-interior-de-sao-paulo-na-terca-feira-19\/","title":{"rendered":"PREVIS\u00c3O DO TEMPO: Instabilidades avan\u00e7am e levam chuva ao interior de S\u00e3o Paulo na ter\u00e7a-feira (19)"},"content":{"rendered":"<p>\t\t\t\t\t\t\t\t\t\t<audio controls class=\"b61_audio_player\" data-noticia=\"84079\" src=\"https:\/\/brasil61.com\/rails\/active_storage\/blobs\/eyJfcmFpbHMiOnsibWVzc2FnZSI6IkJBaHBBeXFLQXc9PSIsImV4cCI6bnVsbCwicHVyIjoiYmxvYl9pZCJ9fQ==--4a76700c6854e928e66f6025697aa6512bc5545d\/PTSD254159A\"><\/audio><\/p>\n<p>A ter\u00e7a-feira (19) ser\u00e1 de contrastes na Regi\u00e3o Sudeste. Enquanto instabilidades avan\u00e7am pelo interior de <strong>S\u00e3o Paulo<\/strong>, provocando pancadas de chuva isoladas entre o oeste e o sul do estado, as demais \u00e1reas da regi\u00e3o seguem sob influ\u00eancia de ar seco, com predom\u00ednio de sol, temperaturas elevadas e baixos \u00edndices de umidade relativa do ar, principalmente no interior de <strong>Minas Gerais <\/strong>e <strong>Esp\u00edrito Santo<\/strong>.<\/p>\n<p>\nEm <strong>S\u00e3o Paulo<\/strong>, o dia come\u00e7a com tempo firme em grande parte do estado, mas ao longo da tarde as nuvens aumentam e h\u00e1 previs\u00e3o de pancadas de chuva isoladas no interior, com maior intensidade no oeste e sul. Na capital e no litoral, o sol predomina e o calor segue em destaque.<\/p>\n<p>\nEm <strong>Minas Gerais<\/strong>, o tempo permanece ensolarado, com c\u00e9u claro a parcialmente nublado. O ar seco ser\u00e1 mais intenso no Tri\u00e2ngulo Mineiro, Norte e Centro do estado, onde a umidade relativa pode atingir n\u00edveis cr\u00edticos durante a tarde.<\/p>\n<p>\nNo <strong>Rio de Janeiro<\/strong>, o sol predomina e as temperaturas se mant\u00eam elevadas. No litoral, o vento sopra de forma moderada, trazendo sensa\u00e7\u00e3o de al\u00edvio t\u00e9rmico em alguns momentos.<\/p>\n<p>\nNo <strong>Esp\u00edrito Santo<\/strong>, o dia ser\u00e1 de c\u00e9u aberto e sol forte em todas as \u00e1reas, inclusive no litoral, onde n\u00e3o h\u00e1 previs\u00e3o de chuva.<\/p>\n<p>\nEntre as capitais, a menor temperatura \u00e9 prevista para<strong> Belo Horizonte<\/strong> com m\u00ednima de 13\u00b0C. A m\u00e1xima pode chegar a 26\u00b0C no <strong>Rio de Janeiro<\/strong> e em <strong>S\u00e3o Paulo<\/strong>. A umidade relativa do ar varia entre 25% e 100%, com os menores \u00edndices nas \u00e1reas do interior paulista e mineiro.<\/p>\n<p>\nAs informa\u00e7\u00f5es s\u00e3o do Instituto Nacional de Meteorologia (<a href=\"https:\/\/portal.inmet.gov.br\/\" target=\"_blank\">Inmet<\/a>).<br \/>\n\u00a0<\/p>\n<p>\t\t\t\t\t\t\t\t\t<img loading=\"lazy\" decoding=\"async\" src=\"https:\/\/brasil61.com\/api\/v1\/serve_pixel\/17677\/84079\" alt=\"Pixel Brasil 61\" class=\"b61_pixel\" width=\"0\" height=\"0\"><\/p>\n<input type=\"hidden\" id=\"baseurl\" value=\"https:\/\/noticiasdestaque.com.br\"><input type=\"hidden\" id=\"audio_nonce\" value=\"6f73a554f1\">","protected":false},"excerpt":{"rendered":"<p>Demais \u00e1reas do Sudeste seguem com predom\u00ednio de sol, calor e ar seco<\/p>\n","protected":false},"author":1,"featured_media":45255,"comment_status":"open","ping_status":"open","sticky":false,"template":"","format":"standard","meta":{"fifu_image_url":"","fifu_image_alt":"","footnotes":""},"categories":[58],"tags":[],"class_list":["post-45254","post","type-post","status-publish","format-standard","has-post-thumbnail","hentry","category-cotidiano"],"distributor_meta":false,"distributor_terms":false,"distributor_media":false,"distributor_original_site_name":"Noticias em Destaque","distributor_original_site_url":"https:\/\/noticiasdestaque.com.br","push-errors":false,"_links":{"self":[{"href":"https:\/\/noticiasdestaque.com.br\/index.php\/wp-json\/wp\/v2\/posts\/45254","targetHints":{"allow":["GET"]}}],"collection":[{"href":"https:\/\/noticiasdestaque.com.br\/index.php\/wp-json\/wp\/v2\/posts"}],"about":[{"href":"https:\/\/noticiasdestaque.com.br\/index.php\/wp-json\/wp\/v2\/types\/post"}],"author":[{"embeddable":true,"href":"https:\/\/noticiasdestaque.com.br\/index.php\/wp-json\/wp\/v2\/users\/1"}],"replies":[{"embeddable":true,"href":"https:\/\/noticiasdestaque.com.br\/index.php\/wp-json\/wp\/v2\/comments?post=45254"}],"version-history":[{"count":0,"href":"https:\/\/noticiasdestaque.com.br\/index.php\/wp-json\/wp\/v2\/posts\/45254\/revisions"}],"wp:featuredmedia":[{"embeddable":true,"href":"https:\/\/noticiasdestaque.com.br\/index.php\/wp-json\/wp\/v2\/media\/45255"}],"wp:attachment":[{"href":"https:\/\/noticiasdestaque.com.br\/index.php\/wp-json\/wp\/v2\/media?parent=45254"}],"wp:term":[{"taxonomy":"category","embeddable":true,"href":"https:\/\/noticiasdestaque.com.br\/index.php\/wp-json\/wp\/v2\/categories?post=45254"},{"taxonomy":"post_tag","embeddable":true,"href":"https:\/\/noticiasdestaque.com.br\/index.php\/wp-json\/wp\/v2\/tags?post=45254"}],"curies":[{"name":"wp","href":"https:\/\/api.w.org\/{rel}","templated":true}]}}