{"id":45246,"date":"2025-08-18T01:00:00","date_gmt":"2025-08-18T04:00:00","guid":{"rendered":"https:\/\/noticiasdestaque.com.br\/index.php\/2025\/08\/18\/camara-tera-semana-marcada-por-debate-sobre-adultizacao-infantil-e-pressao-por-votacao-do-imposto-de-renda\/"},"modified":"2025-08-18T01:00:00","modified_gmt":"2025-08-18T04:00:00","slug":"camara-tera-semana-marcada-por-debate-sobre-adultizacao-infantil-e-pressao-por-votacao-do-imposto-de-renda","status":"publish","type":"post","link":"https:\/\/noticiasdestaque.com.br\/index.php\/2025\/08\/18\/camara-tera-semana-marcada-por-debate-sobre-adultizacao-infantil-e-pressao-por-votacao-do-imposto-de-renda\/","title":{"rendered":"C\u00e2mara ter\u00e1 semana marcada por debate sobre adultiza\u00e7\u00e3o infantil e press\u00e3o por vota\u00e7\u00e3o do Imposto de Renda"},"content":{"rendered":"<p>\t\t\t\t\t\t\t\t\t\t<audio controls class=\"b61_audio_player\" data-noticia=\"84047\" src=\"https:\/\/brasil61.com\/rails\/active_storage\/blobs\/eyJfcmFpbHMiOnsibWVzc2FnZSI6IkJBaHBBNlNKQXc9PSIsImV4cCI6bnVsbCwicHVyIjoiYmxvYl9pZCJ9fQ==--88bc6c506b2442fcb6f07c2fb058808905dc4d98\/BRAS2514529A\"><\/audio><\/p>\n<p>Ap\u00f3s um recesso parlamentar prolongado pelos protestos e pela ocupa\u00e7\u00e3o do plen\u00e1rio na semana passada, o Congresso Nacional inicia uma semana marcada por debates e vota\u00e7\u00f5es de temas sens\u00edveis, que refletem a disputa pol\u00edtica entre governo e oposi\u00e7\u00e3o.<\/p>\n<h2>Prote\u00e7\u00e3o de crian\u00e7as e redes sociais entram na pauta da C\u00e2mara<\/h2>\n<p>Na C\u00e2mara dos Deputados, um dos destaques ser\u00e1 a cria\u00e7\u00e3o de um grupo de trabalho para elaborar um projeto de lei contra a adultiza\u00e7\u00e3o de crian\u00e7as e adolescentes nas redes sociais. O colegiado ter\u00e1 30 dias para apresentar a proposta, que ganhou for\u00e7a ap\u00f3s den\u00fancias feitas pelo influenciador Felca Bress sobre perfis que exp\u00f5em menores em conte\u00fados de cunho sexual para monetiza\u00e7\u00e3o. Uma comiss\u00e3o geral marcada para o dia 20 vai abrir a discuss\u00e3o com especialistas e representantes da sociedade civil.<\/p>\n<h2>Press\u00e3o por vota\u00e7\u00e3o do Imposto de Renda e disputas or\u00e7ament\u00e1rias marcam semana<\/h2>\n<p>Outro tema com potencial para avan\u00e7ar \u00e9 o projeto que amplia a faixa de isen\u00e7\u00e3o do Imposto de Renda para quem ganha at\u00e9 R$ 5 mil mensais, reduz parcialmente a tributa\u00e7\u00e3o de rendas at\u00e9 R$ 7 mil e aumenta a cobran\u00e7a para rendimentos acima de R$ 600 mil anuais. A medida, j\u00e1 aprovada em comiss\u00e3o especial, aguarda vota\u00e7\u00e3o em plen\u00e1rio.<\/p>\n<p>O presidente da C\u00e2mara, Hugo Motta (Republicanos-PB), tamb\u00e9m sinalizou a possibilidade de retomar debates sobre foro privilegiado e sobre o projeto de anistia, que s\u00f3 ser\u00e1 levado a plen\u00e1rio se houver maioria no Col\u00e9gio de L\u00edderes.<\/p>\n<p>No Senado, a Comiss\u00e3o de Constitui\u00e7\u00e3o e Justi\u00e7a pode votar, na quarta-feira (20), a PEC 65\/23, que trata da autonomia do Banco Central. O texto deve receber emenda garantindo compet\u00eancia exclusiva ao BC para disciplinar e operar o Pix, com gratuidade para pessoas f\u00edsicas e proibi\u00e7\u00e3o de transfer\u00eancia da gest\u00e3o do sistema a outros entes.<\/p>\n<p>Al\u00e9m disso, a pauta da semana inclui a Medida Provis\u00f3ria do programa \u201cBrasil sem Mis\u00e9ria\u201d, considerada priorit\u00e1ria pelo governo, e a taxa\u00e7\u00e3o dos chamados \u201cBBB\u201d \u2014 bilion\u00e1rios, bancos e grandes empresas \u2014 para financiar programas sociais que podem beneficiar at\u00e9 20 milh\u00f5es de fam\u00edlias. A disputa em torno da Lei de Diretrizes Or\u00e7ament\u00e1rias (LDO) e a an\u00e1lise de vetos do presidente Lula \u00e0 Lei do Licenciamento Ambiental tamb\u00e9m est\u00e3o no radar.<\/p>\n<p>Para o cientista pol\u00edtico Eduardo Grin, a agenda legislativa deve enfrentar resist\u00eancia e se estender para al\u00e9m desta semana. \u201cS\u00e3o temas complexos e com alto potencial de pol\u00eamica, todos influenciados pelo ambiente pol\u00edtico tenso que se intensificou com os eventos da semana passada\u201d, avalia.<br \/>\n\u00a0<\/p>\n<p>\t\t\t\t\t\t\t\t\t<img loading=\"lazy\" decoding=\"async\" src=\"https:\/\/brasil61.com\/api\/v1\/serve_pixel\/17677\/84047\" alt=\"Pixel Brasil 61\" class=\"b61_pixel\" width=\"0\" height=\"0\"><\/p>\n<input type=\"hidden\" id=\"baseurl\" value=\"https:\/\/noticiasdestaque.com.br\"><input type=\"hidden\" id=\"audio_nonce\" value=\"6a24ca502e\">","protected":false},"excerpt":{"rendered":"<p>Parlamentares tamb\u00e9m discutem foro privilegiado e aguardam acordo para levar projeto de anistia ao plen\u00e1rio<\/p>\n","protected":false},"author":1,"featured_media":45247,"comment_status":"open","ping_status":"open","sticky":false,"template":"","format":"standard","meta":{"fifu_image_url":"","fifu_image_alt":"","footnotes":""},"categories":[50],"tags":[],"class_list":["post-45246","post","type-post","status-publish","format-standard","has-post-thumbnail","hentry","category-politica"],"distributor_meta":false,"distributor_terms":false,"distributor_media":false,"distributor_original_site_name":"Noticias em Destaque","distributor_original_site_url":"https:\/\/noticiasdestaque.com.br","push-errors":false,"_links":{"self":[{"href":"https:\/\/noticiasdestaque.com.br\/index.php\/wp-json\/wp\/v2\/posts\/45246","targetHints":{"allow":["GET"]}}],"collection":[{"href":"https:\/\/noticiasdestaque.com.br\/index.php\/wp-json\/wp\/v2\/posts"}],"about":[{"href":"https:\/\/noticiasdestaque.com.br\/index.php\/wp-json\/wp\/v2\/types\/post"}],"author":[{"embeddable":true,"href":"https:\/\/noticiasdestaque.com.br\/index.php\/wp-json\/wp\/v2\/users\/1"}],"replies":[{"embeddable":true,"href":"https:\/\/noticiasdestaque.com.br\/index.php\/wp-json\/wp\/v2\/comments?post=45246"}],"version-history":[{"count":0,"href":"https:\/\/noticiasdestaque.com.br\/index.php\/wp-json\/wp\/v2\/posts\/45246\/revisions"}],"wp:featuredmedia":[{"embeddable":true,"href":"https:\/\/noticiasdestaque.com.br\/index.php\/wp-json\/wp\/v2\/media\/45247"}],"wp:attachment":[{"href":"https:\/\/noticiasdestaque.com.br\/index.php\/wp-json\/wp\/v2\/media?parent=45246"}],"wp:term":[{"taxonomy":"category","embeddable":true,"href":"https:\/\/noticiasdestaque.com.br\/index.php\/wp-json\/wp\/v2\/categories?post=45246"},{"taxonomy":"post_tag","embeddable":true,"href":"https:\/\/noticiasdestaque.com.br\/index.php\/wp-json\/wp\/v2\/tags?post=45246"}],"curies":[{"name":"wp","href":"https:\/\/api.w.org\/{rel}","templated":true}]}}