{"id":45242,"date":"2025-08-17T18:40:00","date_gmt":"2025-08-17T21:40:00","guid":{"rendered":"https:\/\/noticiasdestaque.com.br\/index.php\/2025\/08\/17\/previsao-do-tempo-segunda-feira-18-com-muitas-nuvens-no-sul\/"},"modified":"2025-08-17T18:40:00","modified_gmt":"2025-08-17T21:40:00","slug":"previsao-do-tempo-segunda-feira-18-com-muitas-nuvens-no-sul","status":"publish","type":"post","link":"https:\/\/noticiasdestaque.com.br\/index.php\/2025\/08\/17\/previsao-do-tempo-segunda-feira-18-com-muitas-nuvens-no-sul\/","title":{"rendered":"PREVIS\u00c3O DO TEMPO: segunda-feira (18) com muitas nuvens no Sul"},"content":{"rendered":"<p>\t\t\t\t\t\t\t\t\t\t<audio controls class=\"b61_audio_player\" data-noticia=\"84055\" src=\"https:\/\/brasil61.com\/rails\/active_storage\/blobs\/eyJfcmFpbHMiOnsibWVzc2FnZSI6IkJBaHBBNWVKQXc9PSIsImV4cCI6bnVsbCwicHVyIjoiYmxvYl9pZCJ9fQ==--5327e1966e4a7951b3792d20807638e0de737869\/PTRS254039A\"><\/audio><\/p>\n<p>A previs\u00e3o do tempo para esta\u00a0segunda-feira (18) na regi\u00e3o Sul \u00e9 de muitas nuvens em praticamente todos os estados.<\/p>\n<p>O <strong>Rio Grande do Sul <\/strong>ter\u00e1\u00a0com muitas nuvens com\u00a0possibilidade de chuva isolada, enquanto o restante do estado e de <strong>Santa Catarina<\/strong> ficar\u00e1 com c\u00e9u encoberto.<\/p>\n<p>No litoral do <strong>Paran\u00e1<\/strong>, o dia ser\u00e1 de muitas nuvens com\u00a0nevoeiro.<\/p>\n<p>Entre as capitais, a temperatura m\u00ednima prevista \u00e9 de 12\u00b0C em <strong>Curitiba;<\/strong>\u00a0j\u00e1 a m\u00e1xima est\u00e1 prevista para <strong>Porto Alegre<\/strong>, com 25\u00b0C. A umidade relativa do ar varia entre 40% e 95%.<\/p>\n<p>As informa\u00e7\u00f5es s\u00e3o do<strong> Instituto Nacional de Meteorologia (<a href=\"https:\/\/portal.inmet.gov.br\/\" target=\"_blank\">Inmet<\/a>)<\/strong>.<br \/>\n\u00a0<\/p>\n<p>\t\t\t\t\t\t\t\t\t<img loading=\"lazy\" decoding=\"async\" src=\"https:\/\/brasil61.com\/api\/v1\/serve_pixel\/17677\/84055\" alt=\"Pixel Brasil 61\" class=\"b61_pixel\" width=\"0\" height=\"0\"><\/p>\n<input type=\"hidden\" id=\"baseurl\" value=\"https:\/\/noticiasdestaque.com.br\"><input type=\"hidden\" id=\"audio_nonce\" value=\"6f73a554f1\">","protected":false},"excerpt":{"rendered":"<p>Entre as capitais, a temperatura m\u00ednima prevista \u00e9 de 12\u00b0C em Curitiba;\u00a0j\u00e1 a m\u00e1xima est\u00e1 prevista para Porto Alegre, com 25\u00b0C. A umidade relativa do ar varia entre 40% e 95%.<\/p>\n","protected":false},"author":1,"featured_media":45243,"comment_status":"open","ping_status":"open","sticky":false,"template":"","format":"standard","meta":{"fifu_image_url":"","fifu_image_alt":"","footnotes":""},"categories":[58],"tags":[],"class_list":["post-45242","post","type-post","status-publish","format-standard","has-post-thumbnail","hentry","category-cotidiano"],"distributor_meta":false,"distributor_terms":false,"distributor_media":false,"distributor_original_site_name":"Noticias em Destaque","distributor_original_site_url":"https:\/\/noticiasdestaque.com.br","push-errors":false,"_links":{"self":[{"href":"https:\/\/noticiasdestaque.com.br\/index.php\/wp-json\/wp\/v2\/posts\/45242","targetHints":{"allow":["GET"]}}],"collection":[{"href":"https:\/\/noticiasdestaque.com.br\/index.php\/wp-json\/wp\/v2\/posts"}],"about":[{"href":"https:\/\/noticiasdestaque.com.br\/index.php\/wp-json\/wp\/v2\/types\/post"}],"author":[{"embeddable":true,"href":"https:\/\/noticiasdestaque.com.br\/index.php\/wp-json\/wp\/v2\/users\/1"}],"replies":[{"embeddable":true,"href":"https:\/\/noticiasdestaque.com.br\/index.php\/wp-json\/wp\/v2\/comments?post=45242"}],"version-history":[{"count":0,"href":"https:\/\/noticiasdestaque.com.br\/index.php\/wp-json\/wp\/v2\/posts\/45242\/revisions"}],"wp:featuredmedia":[{"embeddable":true,"href":"https:\/\/noticiasdestaque.com.br\/index.php\/wp-json\/wp\/v2\/media\/45243"}],"wp:attachment":[{"href":"https:\/\/noticiasdestaque.com.br\/index.php\/wp-json\/wp\/v2\/media?parent=45242"}],"wp:term":[{"taxonomy":"category","embeddable":true,"href":"https:\/\/noticiasdestaque.com.br\/index.php\/wp-json\/wp\/v2\/categories?post=45242"},{"taxonomy":"post_tag","embeddable":true,"href":"https:\/\/noticiasdestaque.com.br\/index.php\/wp-json\/wp\/v2\/tags?post=45242"}],"curies":[{"name":"wp","href":"https:\/\/api.w.org\/{rel}","templated":true}]}}