{"id":45238,"date":"2025-08-17T18:20:00","date_gmt":"2025-08-17T21:20:00","guid":{"rendered":"https:\/\/noticiasdestaque.com.br\/index.php\/2025\/08\/17\/previsao-do-tempo-segunda-feira-18-com-chuva-no-litoral-do-rj-e-es\/"},"modified":"2025-08-17T18:20:00","modified_gmt":"2025-08-17T21:20:00","slug":"previsao-do-tempo-segunda-feira-18-com-chuva-no-litoral-do-rj-e-es","status":"publish","type":"post","link":"https:\/\/noticiasdestaque.com.br\/index.php\/2025\/08\/17\/previsao-do-tempo-segunda-feira-18-com-chuva-no-litoral-do-rj-e-es\/","title":{"rendered":"PREVIS\u00c3O DO TEMPO: segunda-feira (18) com chuva no litoral do RJ e ES"},"content":{"rendered":"<p>\t\t\t\t\t\t\t\t\t\t<audio controls class=\"b61_audio_player\" data-noticia=\"84053\" src=\"https:\/\/brasil61.com\/rails\/active_storage\/blobs\/eyJfcmFpbHMiOnsibWVzc2FnZSI6IkJBaHBBNW1KQXc9PSIsImV4cCI6bnVsbCwicHVyIjoiYmxvYl9pZCJ9fQ==--62a222a8bce4ce17d6060daf54bbfed2129dfaa0\/PTSD254158A\"><\/audio><\/p>\n<p>A previs\u00e3o do tempo para esta segunda-feira (18) para a regi\u00e3o Sudeste \u00e9 de predom\u00ednio de muitas nuvens com nevoeiro no litoral do <strong>Rio de Janeiro<\/strong> e do <strong>Esp\u00edrito Santo<\/strong>, al\u00e9m de parte da zona da mata mineira.<\/p>\n<p>No interior de <strong>Minas Gerais<\/strong> e em grande parte de <strong>S\u00e3o Paulo<\/strong>, o dia ser\u00e1 de varia\u00e7\u00e3o entre\u00a0muitas e poucas nuvens. J\u00e1 no <strong>norte de Minas<\/strong> e no interior do <strong>Esp\u00edrito Santo<\/strong>, o c\u00e9u fica com poucas nuvens.<\/p>\n<p>Entre as capitais, a menor temperatura \u00e9 prevista para o <strong>S\u00e3o Paulo e Belo Horizonte\u00a0<\/strong>com m\u00ednima de 12\u00b0C. A m\u00e1xima pode chegar a 28\u00b0C em <strong>Belo Horizonte<\/strong>. A umidade relativa do ar varia entre 35% e 90%, com os menores \u00edndices nas \u00e1reas do interior paulista e mineiro.<\/p>\n<p>As informa\u00e7\u00f5es s\u00e3o do <strong>Instituto Nacional de Meteorologia (<a href=\"https:\/\/portal.inmet.gov.br\/\" target=\"_blank\">Inmet<\/a>)<\/strong>.<br \/>\n\u00a0<\/p>\n<p>\t\t\t\t\t\t\t\t\t<img loading=\"lazy\" decoding=\"async\" src=\"https:\/\/brasil61.com\/api\/v1\/serve_pixel\/17677\/84053\" alt=\"Pixel Brasil 61\" class=\"b61_pixel\" width=\"0\" height=\"0\"><\/p>\n<input type=\"hidden\" id=\"baseurl\" value=\"https:\/\/noticiasdestaque.com.br\"><input type=\"hidden\" id=\"audio_nonce\" value=\"6f73a554f1\">","protected":false},"excerpt":{"rendered":"<p>Entre as capitais, a menor temperatura \u00e9 prevista para o S\u00e3o Paulo e Belo Horizonte\u00a0com m\u00ednima de 12\u00b0C. A m\u00e1xima pode chegar a 28\u00b0C em Belo Horizonte. A umidade relativa do ar varia entre 35% e 90%, com os menores \u00edndices nas \u00e1reas do interior paulista e mineiro.<\/p>\n","protected":false},"author":1,"featured_media":45239,"comment_status":"open","ping_status":"open","sticky":false,"template":"","format":"standard","meta":{"fifu_image_url":"","fifu_image_alt":"","footnotes":""},"categories":[58],"tags":[],"class_list":["post-45238","post","type-post","status-publish","format-standard","has-post-thumbnail","hentry","category-cotidiano"],"distributor_meta":false,"distributor_terms":false,"distributor_media":false,"distributor_original_site_name":"Noticias em Destaque","distributor_original_site_url":"https:\/\/noticiasdestaque.com.br","push-errors":false,"_links":{"self":[{"href":"https:\/\/noticiasdestaque.com.br\/index.php\/wp-json\/wp\/v2\/posts\/45238","targetHints":{"allow":["GET"]}}],"collection":[{"href":"https:\/\/noticiasdestaque.com.br\/index.php\/wp-json\/wp\/v2\/posts"}],"about":[{"href":"https:\/\/noticiasdestaque.com.br\/index.php\/wp-json\/wp\/v2\/types\/post"}],"author":[{"embeddable":true,"href":"https:\/\/noticiasdestaque.com.br\/index.php\/wp-json\/wp\/v2\/users\/1"}],"replies":[{"embeddable":true,"href":"https:\/\/noticiasdestaque.com.br\/index.php\/wp-json\/wp\/v2\/comments?post=45238"}],"version-history":[{"count":0,"href":"https:\/\/noticiasdestaque.com.br\/index.php\/wp-json\/wp\/v2\/posts\/45238\/revisions"}],"wp:featuredmedia":[{"embeddable":true,"href":"https:\/\/noticiasdestaque.com.br\/index.php\/wp-json\/wp\/v2\/media\/45239"}],"wp:attachment":[{"href":"https:\/\/noticiasdestaque.com.br\/index.php\/wp-json\/wp\/v2\/media?parent=45238"}],"wp:term":[{"taxonomy":"category","embeddable":true,"href":"https:\/\/noticiasdestaque.com.br\/index.php\/wp-json\/wp\/v2\/categories?post=45238"},{"taxonomy":"post_tag","embeddable":true,"href":"https:\/\/noticiasdestaque.com.br\/index.php\/wp-json\/wp\/v2\/tags?post=45238"}],"curies":[{"name":"wp","href":"https:\/\/api.w.org\/{rel}","templated":true}]}}