{"id":45236,"date":"2025-08-17T18:10:00","date_gmt":"2025-08-17T21:10:00","guid":{"rendered":"https:\/\/noticiasdestaque.com.br\/index.php\/2025\/08\/17\/previsao-do-tempo-segunda-feira-18-com-chuvas-e-trovoadas-isoladas-no-norte\/"},"modified":"2025-08-17T18:10:00","modified_gmt":"2025-08-17T21:10:00","slug":"previsao-do-tempo-segunda-feira-18-com-chuvas-e-trovoadas-isoladas-no-norte","status":"publish","type":"post","link":"https:\/\/noticiasdestaque.com.br\/index.php\/2025\/08\/17\/previsao-do-tempo-segunda-feira-18-com-chuvas-e-trovoadas-isoladas-no-norte\/","title":{"rendered":"PREVIS\u00c3O DO TEMPO: segunda-feira (18) com chuvas e trovoadas isoladas no Norte"},"content":{"rendered":"<p>\t\t\t\t\t\t\t\t\t\t<audio controls class=\"b61_audio_player\" data-noticia=\"84052\" src=\"https:\/\/brasil61.com\/rails\/active_storage\/blobs\/eyJfcmFpbHMiOnsibWVzc2FnZSI6IkJBaHBBNXFKQXc9PSIsImV4cCI6bnVsbCwicHVyIjoiYmxvYl9pZCJ9fQ==--1b8fbc0da618311f9fd4393bee5c44eeffd6a2cd\/PTRN254523A\"><\/audio><\/p>\n<p>A previs\u00e3o do tempo para esta\u00a0segunda-feira (18) para a <strong>Regi\u00e3o Norte<\/strong> \u00e9 de\u00a0pancadas de chuva com trovoadas isoladas em grande parte dos estados, incluindo \u00e1reas do<strong> Amazonas, Roraima, Amap\u00e1 e norte do Par\u00e1<\/strong>.<\/p>\n<p>J\u00e1 no <strong>Acre <\/strong>e em parte do sul do <strong>Amazonas <\/strong>e <strong>Rond\u00f4nia<\/strong>, o dia ser\u00e1 de muitas nuvens.<\/p>\n<p>Em <strong>Tocantins<\/strong>, o c\u00e9u fica com poucas nuvens.\u00a0<\/p>\n<p>Entre as capitais, a temperatura m\u00ednima prevista \u00e9 de 21\u00b0C em <strong>Rio Branco<\/strong>, j\u00e1 a m\u00e1xima est\u00e1 prevista para <strong>Porto Velho e Rio Branco\u00a0<\/strong>com 36\u00b0C. A umidade relativa do ar varia entre 30% e 95%.<\/p>\n<p>As informa\u00e7\u00f5es s\u00e3o do<strong> Instituto Nacional de Meteorologia (<a href=\"https:\/\/portal.inmet.gov.br\/\" target=\"_blank\">Inmet<\/a>)<\/strong>.<br \/>\n\u00a0<\/p>\n<p>\t\t\t\t\t\t\t\t\t<img loading=\"lazy\" decoding=\"async\" src=\"https:\/\/brasil61.com\/api\/v1\/serve_pixel\/17677\/84052\" alt=\"Pixel Brasil 61\" class=\"b61_pixel\" width=\"0\" height=\"0\"><\/p>\n<input type=\"hidden\" id=\"baseurl\" value=\"https:\/\/noticiasdestaque.com.br\"><input type=\"hidden\" id=\"audio_nonce\" value=\"6f73a554f1\">","protected":false},"excerpt":{"rendered":"<p>Instabilidade se concentra no centro-norte do Acre, Amazonas e Par\u00e1, e em todo o Amap\u00e1 e Roraima<\/p>\n","protected":false},"author":1,"featured_media":45237,"comment_status":"open","ping_status":"open","sticky":false,"template":"","format":"standard","meta":{"fifu_image_url":"","fifu_image_alt":"","footnotes":""},"categories":[58],"tags":[],"class_list":["post-45236","post","type-post","status-publish","format-standard","has-post-thumbnail","hentry","category-cotidiano"],"distributor_meta":false,"distributor_terms":false,"distributor_media":false,"distributor_original_site_name":"Noticias em Destaque","distributor_original_site_url":"https:\/\/noticiasdestaque.com.br","push-errors":false,"_links":{"self":[{"href":"https:\/\/noticiasdestaque.com.br\/index.php\/wp-json\/wp\/v2\/posts\/45236","targetHints":{"allow":["GET"]}}],"collection":[{"href":"https:\/\/noticiasdestaque.com.br\/index.php\/wp-json\/wp\/v2\/posts"}],"about":[{"href":"https:\/\/noticiasdestaque.com.br\/index.php\/wp-json\/wp\/v2\/types\/post"}],"author":[{"embeddable":true,"href":"https:\/\/noticiasdestaque.com.br\/index.php\/wp-json\/wp\/v2\/users\/1"}],"replies":[{"embeddable":true,"href":"https:\/\/noticiasdestaque.com.br\/index.php\/wp-json\/wp\/v2\/comments?post=45236"}],"version-history":[{"count":0,"href":"https:\/\/noticiasdestaque.com.br\/index.php\/wp-json\/wp\/v2\/posts\/45236\/revisions"}],"wp:featuredmedia":[{"embeddable":true,"href":"https:\/\/noticiasdestaque.com.br\/index.php\/wp-json\/wp\/v2\/media\/45237"}],"wp:attachment":[{"href":"https:\/\/noticiasdestaque.com.br\/index.php\/wp-json\/wp\/v2\/media?parent=45236"}],"wp:term":[{"taxonomy":"category","embeddable":true,"href":"https:\/\/noticiasdestaque.com.br\/index.php\/wp-json\/wp\/v2\/categories?post=45236"},{"taxonomy":"post_tag","embeddable":true,"href":"https:\/\/noticiasdestaque.com.br\/index.php\/wp-json\/wp\/v2\/tags?post=45236"}],"curies":[{"name":"wp","href":"https:\/\/api.w.org\/{rel}","templated":true}]}}