{"id":45230,"date":"2025-08-16T23:00:00","date_gmt":"2025-08-17T02:00:00","guid":{"rendered":"https:\/\/noticiasdestaque.com.br\/index.php\/2025\/08\/16\/ministerio-da-saude-repassa-r-100-milhoes-para-combate-a-tuberculose-em-913-municipios\/"},"modified":"2025-08-16T23:00:00","modified_gmt":"2025-08-17T02:00:00","slug":"ministerio-da-saude-repassa-r-100-milhoes-para-combate-a-tuberculose-em-913-municipios","status":"publish","type":"post","link":"https:\/\/noticiasdestaque.com.br\/index.php\/2025\/08\/16\/ministerio-da-saude-repassa-r-100-milhoes-para-combate-a-tuberculose-em-913-municipios\/","title":{"rendered":"Minist\u00e9rio da Sa\u00fade repassa R$ 100 milh\u00f5es para combate \u00e0 tuberculose em 913 munic\u00edpios"},"content":{"rendered":"<p>\t\t\t\t\t\t\t\t\t\t<audio controls class=\"b61_audio_player\" data-noticia=\"84062\" src=\"https:\/\/brasil61.com\/rails\/active_storage\/blobs\/eyJfcmFpbHMiOnsibWVzc2FnZSI6IkJBaHBBNVNKQXc9PSIsImV4cCI6bnVsbCwicHVyIjoiYmxvYl9pZCJ9fQ==--9b6b08bb2da7892be873295d61f5d1a1de7f2f99\/BRAS2514534A\"><\/audio><\/p>\n<p>O Minist\u00e9rio da Sa\u00fade anunciou o repasse de R$ 100 milh\u00f5es a 913 munic\u00edpios para refor\u00e7ar o combate \u00e0 tuberculose. Os locais respondem por 67% dos casos novos da doen\u00e7a registrados em 2024. Crit\u00e9rios como vulnerabilidade social e territ\u00f3rios com popula\u00e7\u00f5es privadas de liberdade e comunidades ind\u00edgenas tamb\u00e9m foram levados em conta. Al\u00e9m das prefeituras, 24 secretarias estaduais de sa\u00fade e o Distrito Federal foram habilitados para receber os recursos.<\/p>\n<p>Para articular a implementa\u00e7\u00e3o nas cidades, o governo federal promoveu debates com orienta\u00e7\u00f5es t\u00e9cnicas aos gestores locais. Segundo Fernanda Dockhorn, coordenadora-geral de Vigil\u00e2ncia da Tuberculose, Micoses End\u00eamicas e Microbact\u00e9rias N\u00e3o Tuberculosas do Minist\u00e9rio da Sa\u00fade, \u201ceste \u00e9 um marco muito importante para a vigil\u00e2ncia e para o nosso objetivo, como pa\u00eds, de eliminar a tuberculose como problema de sa\u00fade p\u00fablica\u201d.<\/p>\n<p><a href=\"https:\/\/brasil61.com\/n\/brasil-registra-queda-historica-nos-casos-de-dengue-em-2025-mas-mantem-estado-de-alerta-bras2514518\" target=\"_blank\">Brasil registra queda hist\u00f3rica nos casos de dengue em 2025, mas mant\u00e9m estado de alerta<\/a><\/p>\n<p>Transmitida pelo ar \u2014 quando uma pessoa infectada tosse, espirra ou fala \u2014 a tuberculose tem como principal sintoma a tosse persistente, que costuma durar tr\u00eas semanas ou mais. Moradia e alimenta\u00e7\u00e3o ainda s\u00e3o condi\u00e7\u00f5es relacionadas ao adoecimento.\u00a0<\/p>\n<p>\u201cA tuberculose est\u00e1 ligada muito \u00e0s condi\u00e7\u00f5es de vida da popula\u00e7\u00e3o. Ent\u00e3o, as popula\u00e7\u00f5es que vivem em uma situa\u00e7\u00e3o de empobrecimento, em ambientes aglomerados, onde o ar n\u00e3o circula t\u00e3o bem, est\u00e3o mais sujeitas ao adoecimento. Al\u00e9m disso, as pessoas em situa\u00e7\u00e3o de vulnerabilidade social, muitas vezes, vivenciam mais dificuldades de acesso a servi\u00e7os e diagn\u00f3stico tardio\u201d, aponta a especialista.<\/p>\n<p>E complementa. \u201cSe uma pessoa vivencia problemas em rela\u00e7\u00e3o \u00e0 seguran\u00e7a alimentar, est\u00e1 com dificuldades de ter acesso a uma alimenta\u00e7\u00e3o adequada, ela acaba tendo maior risco de ter tuberculose depois de uma infec\u00e7\u00e3o\u201d.<\/p>\n<p>A a\u00e7\u00e3o integra a pol\u00edtica de sa\u00fade voltada ao fortalecimento da vigil\u00e2ncia epidemiol\u00f3gica, preven\u00e7\u00e3o e controle da tuberculose em contextos de alta vulnerabilidade social.<\/p>\n<p>\t\t\t\t\t\t\t\t\t<img loading=\"lazy\" decoding=\"async\" src=\"https:\/\/brasil61.com\/api\/v1\/serve_pixel\/17677\/84062\" alt=\"Pixel Brasil 61\" class=\"b61_pixel\" width=\"0\" height=\"0\"><\/p>\n<input type=\"hidden\" id=\"baseurl\" value=\"https:\/\/noticiasdestaque.com.br\"><input type=\"hidden\" id=\"audio_nonce\" value=\"6f73a554f1\">","protected":false},"excerpt":{"rendered":"<p>A\u00e7\u00e3o visa fortalecer a vigil\u00e2ncia epidemiol\u00f3gica, preven\u00e7\u00e3o e controle da doen\u00e7a no pa\u00eds<\/p>\n","protected":false},"author":1,"featured_media":45231,"comment_status":"open","ping_status":"open","sticky":false,"template":"","format":"standard","meta":{"fifu_image_url":"","fifu_image_alt":"","footnotes":""},"categories":[51],"tags":[],"class_list":["post-45230","post","type-post","status-publish","format-standard","has-post-thumbnail","hentry","category-saude"],"distributor_meta":false,"distributor_terms":false,"distributor_media":false,"distributor_original_site_name":"Noticias em Destaque","distributor_original_site_url":"https:\/\/noticiasdestaque.com.br","push-errors":false,"_links":{"self":[{"href":"https:\/\/noticiasdestaque.com.br\/index.php\/wp-json\/wp\/v2\/posts\/45230","targetHints":{"allow":["GET"]}}],"collection":[{"href":"https:\/\/noticiasdestaque.com.br\/index.php\/wp-json\/wp\/v2\/posts"}],"about":[{"href":"https:\/\/noticiasdestaque.com.br\/index.php\/wp-json\/wp\/v2\/types\/post"}],"author":[{"embeddable":true,"href":"https:\/\/noticiasdestaque.com.br\/index.php\/wp-json\/wp\/v2\/users\/1"}],"replies":[{"embeddable":true,"href":"https:\/\/noticiasdestaque.com.br\/index.php\/wp-json\/wp\/v2\/comments?post=45230"}],"version-history":[{"count":0,"href":"https:\/\/noticiasdestaque.com.br\/index.php\/wp-json\/wp\/v2\/posts\/45230\/revisions"}],"wp:featuredmedia":[{"embeddable":true,"href":"https:\/\/noticiasdestaque.com.br\/index.php\/wp-json\/wp\/v2\/media\/45231"}],"wp:attachment":[{"href":"https:\/\/noticiasdestaque.com.br\/index.php\/wp-json\/wp\/v2\/media?parent=45230"}],"wp:term":[{"taxonomy":"category","embeddable":true,"href":"https:\/\/noticiasdestaque.com.br\/index.php\/wp-json\/wp\/v2\/categories?post=45230"},{"taxonomy":"post_tag","embeddable":true,"href":"https:\/\/noticiasdestaque.com.br\/index.php\/wp-json\/wp\/v2\/tags?post=45230"}],"curies":[{"name":"wp","href":"https:\/\/api.w.org\/{rel}","templated":true}]}}