{"id":45206,"date":"2025-08-15T18:40:00","date_gmt":"2025-08-15T21:40:00","guid":{"rendered":"https:\/\/noticiasdestaque.com.br\/index.php\/2025\/08\/15\/previsao-do-tempo-chuva-no-sul-do-rs-e-sol-predominante-nas-demais-areas-do-sul-neste-sabado-16\/"},"modified":"2025-08-15T18:40:00","modified_gmt":"2025-08-15T21:40:00","slug":"previsao-do-tempo-chuva-no-sul-do-rs-e-sol-predominante-nas-demais-areas-do-sul-neste-sabado-16","status":"publish","type":"post","link":"https:\/\/noticiasdestaque.com.br\/index.php\/2025\/08\/15\/previsao-do-tempo-chuva-no-sul-do-rs-e-sol-predominante-nas-demais-areas-do-sul-neste-sabado-16\/","title":{"rendered":"PREVIS\u00c3O DO TEMPO: Chuva no sul do RS e sol predominante nas demais \u00e1reas do Sul neste s\u00e1bado (16)"},"content":{"rendered":"<p>\t\t\t\t\t\t\t\t\t\t<audio controls class=\"b61_audio_player\" data-noticia=\"84045\" src=\"https:\/\/brasil61.com\/rails\/active_storage\/blobs\/eyJfcmFpbHMiOnsibWVzc2FnZSI6IkJBaHBBM0NKQXc9PSIsImV4cCI6bnVsbCwicHVyIjoiYmxvYl9pZCJ9fQ==--7ea1bba8e9d8012efa9bc663bb53cbe731446221\/PTRS254037A\"><\/audio><\/p>\n<p>Neste s\u00e1bado (16), o tempo muda no extremo sul do <strong>Rio Grande do Sul<\/strong>, onde \u00e1reas de instabilidade provocam aumento de nebulosidade e chuva ao longo do dia, especialmente na regi\u00e3o de fronteira com o Uruguai. Nas demais \u00e1reas da Regi\u00e3o Sul, o sol segue predominando e o tempo permanece firme sob influ\u00eancia de ar seco.<\/p>\n<p>\nNo <strong>Rio Grande do Sul<\/strong>, o sul do estado ter\u00e1 c\u00e9u mais encoberto e precipita\u00e7\u00f5es intermitentes, que podem ser moderadas em alguns momentos. J\u00e1 no centro e norte ga\u00facho, o tempo continua est\u00e1vel, com sol e temperaturas agrad\u00e1veis.<\/p>\n<p>\nEm <strong>Santa Catarina<\/strong>, o s\u00e1bado ser\u00e1 de c\u00e9u claro a parcialmente nublado, com sol predominante e temperaturas amenas pela manh\u00e3, subindo gradualmente \u00e0 tarde.<\/p>\n<p>\nNo <strong>Paran\u00e1<\/strong>, o cen\u00e1rio \u00e9 de tempo seco, c\u00e9u limpo e sol em todas as regi\u00f5es. A umidade relativa do ar pode cair para n\u00edveis baixos no interior, exigindo cuidados extras com hidrata\u00e7\u00e3o e sa\u00fade respirat\u00f3ria.<\/p>\n<p>\nEntre as capitais, a temperatura m\u00ednima prevista \u00e9 de 11\u00b0C em <strong>Curitiba<\/strong>, j\u00e1 a m\u00e1xima est\u00e1 prevista para <strong>Porto Alegre<\/strong> e <strong>Florian\u00f3polis<\/strong>, com 20\u00b0C. A umidade relativa do ar varia entre 45% e 90%.<\/p>\n<p>\nAs informa\u00e7\u00f5es s\u00e3o do Instituto Nacional de Meteorologia (<a href=\"https:\/\/portal.inmet.gov.br\/\" target=\"_blank\">Inmet<\/a>).<br \/>\n\u00a0<\/p>\n<p>\t\t\t\t\t\t\t\t\t<img loading=\"lazy\" decoding=\"async\" src=\"https:\/\/brasil61.com\/api\/v1\/serve_pixel\/17677\/84045\" alt=\"Pixel Brasil 61\" class=\"b61_pixel\" width=\"0\" height=\"0\"><\/p>\n<input type=\"hidden\" id=\"baseurl\" value=\"https:\/\/noticiasdestaque.com.br\"><input type=\"hidden\" id=\"audio_nonce\" value=\"6f73a554f1\">","protected":false},"excerpt":{"rendered":"<p>Instabilidade atinge parte do Rio Grande do Sul, enquanto ar seco mant\u00e9m tempo firme em SC e PR<\/p>\n","protected":false},"author":1,"featured_media":45207,"comment_status":"open","ping_status":"open","sticky":false,"template":"","format":"standard","meta":{"fifu_image_url":"","fifu_image_alt":"","footnotes":""},"categories":[58],"tags":[],"class_list":["post-45206","post","type-post","status-publish","format-standard","has-post-thumbnail","hentry","category-cotidiano"],"distributor_meta":false,"distributor_terms":false,"distributor_media":false,"distributor_original_site_name":"Noticias em Destaque","distributor_original_site_url":"https:\/\/noticiasdestaque.com.br","push-errors":false,"_links":{"self":[{"href":"https:\/\/noticiasdestaque.com.br\/index.php\/wp-json\/wp\/v2\/posts\/45206","targetHints":{"allow":["GET"]}}],"collection":[{"href":"https:\/\/noticiasdestaque.com.br\/index.php\/wp-json\/wp\/v2\/posts"}],"about":[{"href":"https:\/\/noticiasdestaque.com.br\/index.php\/wp-json\/wp\/v2\/types\/post"}],"author":[{"embeddable":true,"href":"https:\/\/noticiasdestaque.com.br\/index.php\/wp-json\/wp\/v2\/users\/1"}],"replies":[{"embeddable":true,"href":"https:\/\/noticiasdestaque.com.br\/index.php\/wp-json\/wp\/v2\/comments?post=45206"}],"version-history":[{"count":0,"href":"https:\/\/noticiasdestaque.com.br\/index.php\/wp-json\/wp\/v2\/posts\/45206\/revisions"}],"wp:featuredmedia":[{"embeddable":true,"href":"https:\/\/noticiasdestaque.com.br\/index.php\/wp-json\/wp\/v2\/media\/45207"}],"wp:attachment":[{"href":"https:\/\/noticiasdestaque.com.br\/index.php\/wp-json\/wp\/v2\/media?parent=45206"}],"wp:term":[{"taxonomy":"category","embeddable":true,"href":"https:\/\/noticiasdestaque.com.br\/index.php\/wp-json\/wp\/v2\/categories?post=45206"},{"taxonomy":"post_tag","embeddable":true,"href":"https:\/\/noticiasdestaque.com.br\/index.php\/wp-json\/wp\/v2\/tags?post=45206"}],"curies":[{"name":"wp","href":"https:\/\/api.w.org\/{rel}","templated":true}]}}