{"id":45204,"date":"2025-08-15T18:30:00","date_gmt":"2025-08-15T21:30:00","guid":{"rendered":"https:\/\/noticiasdestaque.com.br\/index.php\/2025\/08\/15\/previsao-do-tempo-calor-e-ar-seco-persistem-no-centro-oeste-neste-sabado-16\/"},"modified":"2025-08-15T18:30:00","modified_gmt":"2025-08-15T21:30:00","slug":"previsao-do-tempo-calor-e-ar-seco-persistem-no-centro-oeste-neste-sabado-16","status":"publish","type":"post","link":"https:\/\/noticiasdestaque.com.br\/index.php\/2025\/08\/15\/previsao-do-tempo-calor-e-ar-seco-persistem-no-centro-oeste-neste-sabado-16\/","title":{"rendered":"PREVIS\u00c3O DO TEMPO: Calor e ar seco persistem no Centro-Oeste neste s\u00e1bado (16)"},"content":{"rendered":"<p>\t\t\t\t\t\t\t\t\t\t<audio controls class=\"b61_audio_player\" data-noticia=\"84039\" src=\"https:\/\/brasil61.com\/rails\/active_storage\/blobs\/eyJfcmFpbHMiOnsibWVzc2FnZSI6IkJBaHBBM0tKQXc9PSIsImV4cCI6bnVsbCwicHVyIjoiYmxvYl9pZCJ9fQ==--e5e5dbf3ae83981cc164aa04e6235ee6e5c77752\/PTCO254172A\"><\/audio><\/p>\n<p>O s\u00e1bado (16) ser\u00e1 mais um dia de tempo firme no Centro-Oeste, sob influ\u00eancia de uma forte massa de ar seco que mant\u00e9m o predom\u00ednio do sol, temperaturas elevadas e baixos \u00edndices de umidade relativa do ar. A aus\u00eancia de nuvens carregadas afasta a possibilidade de chuva e refor\u00e7a a necessidade de aten\u00e7\u00e3o com a hidrata\u00e7\u00e3o e a sa\u00fade respirat\u00f3ria.<\/p>\n<p>Em <strong>Mato Grosso<\/strong>, o dia amanhece com c\u00e9u claro e o calor se intensifica rapidamente, sobretudo nas regi\u00f5es norte e central.\u00a0 A umidade relativa do ar atinge n\u00edveis cr\u00edticos durante a tarde.<\/p>\n<p>Em<strong> Mato Grosso do Sul<\/strong>, o cen\u00e1rio segue est\u00e1vel, sem previs\u00e3o de chuva. O calor ser\u00e1 mais intenso nas \u00e1reas oeste e norte.<\/p>\n<p>Em <strong>Goi\u00e1s <\/strong>e no <strong>Distrito Federal<\/strong>, o sol predomina e poucas nuvens aparecem no c\u00e9u. A umidade segue baixa, em especial nas horas mais quentes do dia, exigindo cuidados extras para evitar problemas respirat\u00f3rios e desconforto f\u00edsico.<\/p>\n<p>Entre as capitais, <strong>Campo Grande<\/strong> deve registrar a menor temperatura do dia, com m\u00ednima prevista de 11\u00b0C. J\u00e1 a m\u00e1xima pode atingir at\u00e9 37\u00b0C, em <strong>Cuiab\u00e1<\/strong>. A umidade relativa do ar varia entre 18% e 60%, mantendo o alerta para o tempo seco em grande parte da regi\u00e3o.<\/p>\n<p>As informa\u00e7\u00f5es s\u00e3o do Instituto Nacional de Meteorologia (<a href=\"https:\/\/portal.inmet.gov.br\/\" target=\"_blank\">Inmet<\/a>).<br \/>\n\u00a0<\/p>\n<p>\t\t\t\t\t\t\t\t\t<img loading=\"lazy\" decoding=\"async\" src=\"https:\/\/brasil61.com\/api\/v1\/serve_pixel\/17677\/84039\" alt=\"Pixel Brasil 61\" class=\"b61_pixel\" width=\"0\" height=\"0\"><\/p>\n<input type=\"hidden\" id=\"baseurl\" value=\"https:\/\/noticiasdestaque.com.br\"><input type=\"hidden\" id=\"audio_nonce\" value=\"6f73a554f1\">","protected":false},"excerpt":{"rendered":"<p> Massa de ar seco mant\u00e9m sol forte, altas temperaturas e baixa umidade em toda a regi\u00e3o<\/p>\n","protected":false},"author":1,"featured_media":45205,"comment_status":"open","ping_status":"open","sticky":false,"template":"","format":"standard","meta":{"fifu_image_url":"","fifu_image_alt":"","footnotes":""},"categories":[58],"tags":[],"class_list":["post-45204","post","type-post","status-publish","format-standard","has-post-thumbnail","hentry","category-cotidiano"],"distributor_meta":false,"distributor_terms":false,"distributor_media":false,"distributor_original_site_name":"Noticias em Destaque","distributor_original_site_url":"https:\/\/noticiasdestaque.com.br","push-errors":false,"_links":{"self":[{"href":"https:\/\/noticiasdestaque.com.br\/index.php\/wp-json\/wp\/v2\/posts\/45204","targetHints":{"allow":["GET"]}}],"collection":[{"href":"https:\/\/noticiasdestaque.com.br\/index.php\/wp-json\/wp\/v2\/posts"}],"about":[{"href":"https:\/\/noticiasdestaque.com.br\/index.php\/wp-json\/wp\/v2\/types\/post"}],"author":[{"embeddable":true,"href":"https:\/\/noticiasdestaque.com.br\/index.php\/wp-json\/wp\/v2\/users\/1"}],"replies":[{"embeddable":true,"href":"https:\/\/noticiasdestaque.com.br\/index.php\/wp-json\/wp\/v2\/comments?post=45204"}],"version-history":[{"count":0,"href":"https:\/\/noticiasdestaque.com.br\/index.php\/wp-json\/wp\/v2\/posts\/45204\/revisions"}],"wp:featuredmedia":[{"embeddable":true,"href":"https:\/\/noticiasdestaque.com.br\/index.php\/wp-json\/wp\/v2\/media\/45205"}],"wp:attachment":[{"href":"https:\/\/noticiasdestaque.com.br\/index.php\/wp-json\/wp\/v2\/media?parent=45204"}],"wp:term":[{"taxonomy":"category","embeddable":true,"href":"https:\/\/noticiasdestaque.com.br\/index.php\/wp-json\/wp\/v2\/categories?post=45204"},{"taxonomy":"post_tag","embeddable":true,"href":"https:\/\/noticiasdestaque.com.br\/index.php\/wp-json\/wp\/v2\/tags?post=45204"}],"curies":[{"name":"wp","href":"https:\/\/api.w.org\/{rel}","templated":true}]}}