{"id":45202,"date":"2025-08-15T18:20:00","date_gmt":"2025-08-15T21:20:00","guid":{"rendered":"https:\/\/noticiasdestaque.com.br\/index.php\/2025\/08\/15\/previsao-do-tempo-chuva-no-interior-de-sp-e-sol-predominante-nas-demais-areas-do-sudeste-neste-sabado-16\/"},"modified":"2025-08-15T18:20:00","modified_gmt":"2025-08-15T21:20:00","slug":"previsao-do-tempo-chuva-no-interior-de-sp-e-sol-predominante-nas-demais-areas-do-sudeste-neste-sabado-16","status":"publish","type":"post","link":"https:\/\/noticiasdestaque.com.br\/index.php\/2025\/08\/15\/previsao-do-tempo-chuva-no-interior-de-sp-e-sol-predominante-nas-demais-areas-do-sudeste-neste-sabado-16\/","title":{"rendered":"PREVIS\u00c3O DO TEMPO: Chuva no interior de SP e sol predominante nas demais \u00e1reas do Sudeste neste s\u00e1bado (16)"},"content":{"rendered":"<p>\t\t\t\t\t\t\t\t\t\t<audio controls class=\"b61_audio_player\" data-noticia=\"84041\" src=\"https:\/\/brasil61.com\/rails\/active_storage\/blobs\/eyJfcmFpbHMiOnsibWVzc2FnZSI6IkJBaHBBM1NKQXc9PSIsImV4cCI6bnVsbCwicHVyIjoiYmxvYl9pZCJ9fQ==--e440fb852361ddbe2098efc0f6718bb2a1f9fe8f\/PTSD254156A\"><\/audio><\/p>\n<p>Neste s\u00e1bado (16), o tempo muda em parte da Regi\u00e3o Sudeste. Enquanto uma \u00e1rea de instabilidade favorece pancadas de chuva isoladas no interior de <strong>S\u00e3o Paulo<\/strong>, especialmente entre o oeste e o sul do estado, o sol ainda predomina nas demais \u00e1reas da regi\u00e3o. As temperaturas permanecem elevadas e a umidade relativa do ar segue baixa em v\u00e1rias localidades, principalmente no interior de <strong>Minas Gerais<\/strong> e <strong>Esp\u00edrito Santo<\/strong>.<\/p>\n<p>Em <strong>S\u00e3o Paulo<\/strong>, o dia come\u00e7a com sol em grande parte do estado, mas ao longo da tarde\u00a0a chegada de instabilidades provoca pancadas de chuva isoladas no interior, com maior intensidade nas regi\u00f5es oeste e sul. No litoral e na capital, o tempo segue firme e quente.<\/p>\n<p>Em <strong>Minas Gerais<\/strong>, o tempo permanece seco e ensolarado, com c\u00e9u claro a parcialmente nublado. O ar seco ser\u00e1 mais intenso no Tri\u00e2ngulo Mineiro, Norte e Centro do estado, derrubando a umidade para n\u00edveis cr\u00edticos no per\u00edodo da tarde.<\/p>\n<p>No <strong>Rio de Janeiro<\/strong>, o sol predomina durante todo o dia, com calor e poucas nuvens. No litoral, o vento sopra de forma moderada, proporcionando momentos de al\u00edvio t\u00e9rmico.<\/p>\n<p>No <strong>Esp\u00edrito Santo<\/strong>, o c\u00e9u aberto e o sol forte marcam o dia em todas as \u00e1reas, inclusive no litoral.<\/p>\n<p>Entre as capitais, a menor temperatura \u00e9 prevista para <strong>S\u00e3o Paulo<\/strong> e <strong>Belo Horizonte<\/strong> com m\u00ednima de 12\u00b0C. A m\u00e1xima pode chegar a 26\u00b0C em <strong>Belo Horizonte<\/strong>. A umidade relativa do ar varia entre 25% e 100%, com os menores \u00edndices nas \u00e1reas do interior paulista e mineiro.<\/p>\n<p>As informa\u00e7\u00f5es s\u00e3o do Instituto Nacional de Meteorologia (<a href=\"https:\/\/portal.inmet.gov.br\/\" target=\"_blank\">Inmet<\/a>).<br \/>\n\u00a0<\/p>\n<p>\t\t\t\t\t\t\t\t\t<img loading=\"lazy\" decoding=\"async\" src=\"https:\/\/brasil61.com\/api\/v1\/serve_pixel\/17677\/84041\" alt=\"Pixel Brasil 61\" class=\"b61_pixel\" width=\"0\" height=\"0\"><\/p>\n<input type=\"hidden\" id=\"baseurl\" value=\"https:\/\/noticiasdestaque.com.br\"><input type=\"hidden\" id=\"audio_nonce\" value=\"6f73a554f1\">","protected":false},"excerpt":{"rendered":"<p>Instabilidade se forma em parte de S\u00e3o Paulo, mas calor e baixa umidade seguem marcando o dia na maior parte da regi\u00e3o<\/p>\n","protected":false},"author":1,"featured_media":45203,"comment_status":"open","ping_status":"open","sticky":false,"template":"","format":"standard","meta":{"fifu_image_url":"","fifu_image_alt":"","footnotes":""},"categories":[58],"tags":[],"class_list":["post-45202","post","type-post","status-publish","format-standard","has-post-thumbnail","hentry","category-cotidiano"],"distributor_meta":false,"distributor_terms":false,"distributor_media":false,"distributor_original_site_name":"Noticias em Destaque","distributor_original_site_url":"https:\/\/noticiasdestaque.com.br","push-errors":false,"_links":{"self":[{"href":"https:\/\/noticiasdestaque.com.br\/index.php\/wp-json\/wp\/v2\/posts\/45202","targetHints":{"allow":["GET"]}}],"collection":[{"href":"https:\/\/noticiasdestaque.com.br\/index.php\/wp-json\/wp\/v2\/posts"}],"about":[{"href":"https:\/\/noticiasdestaque.com.br\/index.php\/wp-json\/wp\/v2\/types\/post"}],"author":[{"embeddable":true,"href":"https:\/\/noticiasdestaque.com.br\/index.php\/wp-json\/wp\/v2\/users\/1"}],"replies":[{"embeddable":true,"href":"https:\/\/noticiasdestaque.com.br\/index.php\/wp-json\/wp\/v2\/comments?post=45202"}],"version-history":[{"count":0,"href":"https:\/\/noticiasdestaque.com.br\/index.php\/wp-json\/wp\/v2\/posts\/45202\/revisions"}],"wp:featuredmedia":[{"embeddable":true,"href":"https:\/\/noticiasdestaque.com.br\/index.php\/wp-json\/wp\/v2\/media\/45203"}],"wp:attachment":[{"href":"https:\/\/noticiasdestaque.com.br\/index.php\/wp-json\/wp\/v2\/media?parent=45202"}],"wp:term":[{"taxonomy":"category","embeddable":true,"href":"https:\/\/noticiasdestaque.com.br\/index.php\/wp-json\/wp\/v2\/categories?post=45202"},{"taxonomy":"post_tag","embeddable":true,"href":"https:\/\/noticiasdestaque.com.br\/index.php\/wp-json\/wp\/v2\/tags?post=45202"}],"curies":[{"name":"wp","href":"https:\/\/api.w.org\/{rel}","templated":true}]}}