{"id":45200,"date":"2025-08-15T18:10:00","date_gmt":"2025-08-15T21:10:00","guid":{"rendered":"https:\/\/noticiasdestaque.com.br\/index.php\/2025\/08\/15\/previsao-do-tempo-chuva-atinge-parte-da-regiao-norte-neste-sabado-16\/"},"modified":"2025-08-15T18:10:00","modified_gmt":"2025-08-15T21:10:00","slug":"previsao-do-tempo-chuva-atinge-parte-da-regiao-norte-neste-sabado-16","status":"publish","type":"post","link":"https:\/\/noticiasdestaque.com.br\/index.php\/2025\/08\/15\/previsao-do-tempo-chuva-atinge-parte-da-regiao-norte-neste-sabado-16\/","title":{"rendered":"PREVIS\u00c3O DO TEMPO: Chuva atinge parte da Regi\u00e3o Norte neste s\u00e1bado (16)"},"content":{"rendered":"<p>\t\t\t\t\t\t\t\t\t\t<audio controls class=\"b61_audio_player\" data-noticia=\"84046\" src=\"https:\/\/brasil61.com\/rails\/active_storage\/blobs\/eyJfcmFpbHMiOnsibWVzc2FnZSI6IkJBaHBBMitKQXc9PSIsImV4cCI6bnVsbCwicHVyIjoiYmxvYl9pZCJ9fQ==--e6dd8e02a2ab0f7fc5c64b4c327a9ec4e9c12aec\/PTRN254522A\"><\/audio><\/p>\n<p>Neste s\u00e1bado (16), \u00e1reas de instabilidade continuam influenciando parte da Regi\u00e3o Norte do Brasil, favorecendo a forma\u00e7\u00e3o de nuvens carregadas e pancadas de chuva, especialmente no <strong>Amazonas, Par\u00e1, Amap\u00e1<\/strong> e <strong>Roraima<\/strong>. A combina\u00e7\u00e3o de calor e alta umidade mant\u00e9m as condi\u00e7\u00f5es para precipita\u00e7\u00f5es durante a tarde e \u00e0 noite, em alguns pontos acompanhadas de trovoadas.<\/p>\n<p>\nNo <strong>Acre<\/strong>, o tempo permanece firme, com sol predominante e temperaturas elevadas ao longo do dia.<\/p>\n<p>\nNo <strong>Amazonas<\/strong>, as chuvas se concentram nas regi\u00f5es central e norte, podendo ser moderadas a fortes em alguns momentos.<\/p>\n<p>\nNo <strong>Par\u00e1<\/strong>, as precipita\u00e7\u00f5es ocorrem principalmente no centro e norte do estado, enquanto o sul segue ensolarado e seco.<\/p>\n<p>\nNo <strong>Amap\u00e1 <\/strong>e em <strong>Roraima<\/strong>, o dia ser\u00e1 de c\u00e9u nublado a encoberto, com chuva frequente em todas as \u00e1reas e possibilidade de rajadas de vento.<\/p>\n<p>\nNas demais \u00e1reas da regi\u00e3o, o sol predomina e o calor \u00e9 destaque, com m\u00e1ximas elevadas.<\/p>\n<p>\nEntre as capitais, a temperatura m\u00ednima prevista \u00e9 de 20\u00b0C em <strong>Rio Branco<\/strong>, j\u00e1 a m\u00e1xima est\u00e1 prevista para <strong>Palmas <\/strong>e<strong> Rio Branco<\/strong> com 36\u00b0C. A umidade relativa do ar varia entre 30% e 100%.<\/p>\n<p>\nAs informa\u00e7\u00f5es s\u00e3o do Instituto Nacional de Meteorologia (<a href=\"https:\/\/portal.inmet.gov.br\/\" target=\"_blank\">Inmet<\/a>).<br \/>\n\u00a0<\/p>\n<p>\t\t\t\t\t\t\t\t\t<img loading=\"lazy\" decoding=\"async\" src=\"https:\/\/brasil61.com\/api\/v1\/serve_pixel\/17677\/84046\" alt=\"Pixel Brasil 61\" class=\"b61_pixel\" width=\"0\" height=\"0\"><\/p>\n<input type=\"hidden\" id=\"baseurl\" value=\"https:\/\/noticiasdestaque.com.br\"><input type=\"hidden\" id=\"audio_nonce\" value=\"6f73a554f1\">","protected":false},"excerpt":{"rendered":"<p>Instabilidade se concentra no Amazonas, Par\u00e1, Amap\u00e1 e Roraima, enquanto Acre e demais \u00e1reas t\u00eam tempo firme<\/p>\n","protected":false},"author":1,"featured_media":45201,"comment_status":"open","ping_status":"open","sticky":false,"template":"","format":"standard","meta":{"fifu_image_url":"","fifu_image_alt":"","footnotes":""},"categories":[58],"tags":[],"class_list":["post-45200","post","type-post","status-publish","format-standard","has-post-thumbnail","hentry","category-cotidiano"],"distributor_meta":false,"distributor_terms":false,"distributor_media":false,"distributor_original_site_name":"Noticias em Destaque","distributor_original_site_url":"https:\/\/noticiasdestaque.com.br","push-errors":false,"_links":{"self":[{"href":"https:\/\/noticiasdestaque.com.br\/index.php\/wp-json\/wp\/v2\/posts\/45200","targetHints":{"allow":["GET"]}}],"collection":[{"href":"https:\/\/noticiasdestaque.com.br\/index.php\/wp-json\/wp\/v2\/posts"}],"about":[{"href":"https:\/\/noticiasdestaque.com.br\/index.php\/wp-json\/wp\/v2\/types\/post"}],"author":[{"embeddable":true,"href":"https:\/\/noticiasdestaque.com.br\/index.php\/wp-json\/wp\/v2\/users\/1"}],"replies":[{"embeddable":true,"href":"https:\/\/noticiasdestaque.com.br\/index.php\/wp-json\/wp\/v2\/comments?post=45200"}],"version-history":[{"count":0,"href":"https:\/\/noticiasdestaque.com.br\/index.php\/wp-json\/wp\/v2\/posts\/45200\/revisions"}],"wp:featuredmedia":[{"embeddable":true,"href":"https:\/\/noticiasdestaque.com.br\/index.php\/wp-json\/wp\/v2\/media\/45201"}],"wp:attachment":[{"href":"https:\/\/noticiasdestaque.com.br\/index.php\/wp-json\/wp\/v2\/media?parent=45200"}],"wp:term":[{"taxonomy":"category","embeddable":true,"href":"https:\/\/noticiasdestaque.com.br\/index.php\/wp-json\/wp\/v2\/categories?post=45200"},{"taxonomy":"post_tag","embeddable":true,"href":"https:\/\/noticiasdestaque.com.br\/index.php\/wp-json\/wp\/v2\/tags?post=45200"}],"curies":[{"name":"wp","href":"https:\/\/api.w.org\/{rel}","templated":true}]}}