{"id":45198,"date":"2025-08-15T18:00:00","date_gmt":"2025-08-15T21:00:00","guid":{"rendered":"https:\/\/noticiasdestaque.com.br\/index.php\/2025\/08\/15\/previsao-do-tempo-chuva-no-litoral-contrasta-com-sol-e-calor-no-interior-do-nordeste-neste-sabado-16\/"},"modified":"2025-08-15T18:00:00","modified_gmt":"2025-08-15T21:00:00","slug":"previsao-do-tempo-chuva-no-litoral-contrasta-com-sol-e-calor-no-interior-do-nordeste-neste-sabado-16","status":"publish","type":"post","link":"https:\/\/noticiasdestaque.com.br\/index.php\/2025\/08\/15\/previsao-do-tempo-chuva-no-litoral-contrasta-com-sol-e-calor-no-interior-do-nordeste-neste-sabado-16\/","title":{"rendered":"PREVIS\u00c3O DO TEMPO: Chuva no litoral contrasta com sol e calor no interior do Nordeste neste s\u00e1bado (16)"},"content":{"rendered":"<p>\t\t\t\t\t\t\t\t\t\t<audio controls class=\"b61_audio_player\" data-noticia=\"84043\" src=\"https:\/\/brasil61.com\/rails\/active_storage\/blobs\/eyJfcmFpbHMiOnsibWVzc2FnZSI6IkJBaHBBM0dKQXc9PSIsImV4cCI6bnVsbCwicHVyIjoiYmxvYl9pZCJ9fQ==--7fc71a92a993edd8e83a5f89fd19408773a35b0c\/PTND254770A\"><\/audio><\/p>\n<p>Neste s\u00e1bado (16), \u00e1reas de instabilidade mant\u00eam a ocorr\u00eancia de chuva isolada em praticamente todo o litoral do Nordeste, desde o <strong>Maranh\u00e3o <\/strong>at\u00e9 a <strong>Bahia<\/strong>. O dia ter\u00e1 varia\u00e7\u00e3o de nebulosidade e precipita\u00e7\u00f5es em diferentes momentos, especialmente nas capitais e cidades pr\u00f3ximas \u00e0 costa. A chuva tende a ser de intensidade fraca a moderada, intercalada por per\u00edodos de melhoria.<\/p>\n<p>\nNo <strong>Maranh\u00e3o, Piau\u00ed <\/strong>e <strong>Cear\u00e1<\/strong>, o litoral registra momentos de chuva e c\u00e9u mais nublado, enquanto o interior segue com tempo firme, sol predominante e baixa umidade relativa do ar.<\/p>\n<p>\nNo <strong>Rio Grande do Norte, Para\u00edba, Pernambuco<\/strong> e <strong>Alagoas<\/strong>, a chuva aparece principalmente no per\u00edodo da manh\u00e3 e in\u00edcio da tarde nas \u00e1reas costeiras. No interior, o ar seco mant\u00e9m o calor intenso e aus\u00eancia de precipita\u00e7\u00e3o.<\/p>\n<p>\nNa <strong>Bahia<\/strong>, o litoral ter\u00e1 c\u00e9u parcialmente encoberto e chuva isolada em alguns momentos do dia, especialmente na faixa leste. J\u00e1 no interior, o cen\u00e1rio \u00e9 de calor forte, umidade baixa e c\u00e9u aberto.<\/p>\n<p>\nEntre as capitais, a temperatura m\u00ednima prevista \u00e9 de 22\u00b0C em <strong>Macei\u00f3 <\/strong>e <strong>Salvador<\/strong>. J\u00e1 a m\u00e1xima pode alcan\u00e7ar os 32\u202f\u00b0C em <strong>S\u00e3o Lu\u00eds<\/strong>. A umidade relativa do ar varia entre 40% e 100%, com os \u00edndices mais baixos concentrados no interior da regi\u00e3o.<\/p>\n<p>\nAs informa\u00e7\u00f5es s\u00e3o do Instituto Nacional de Meteorologia (<a href=\"https:\/\/portal.inmet.gov.br\/\" target=\"_blank\">Inmet<\/a>).<br \/>\n\u00a0<\/p>\n<p>\t\t\t\t\t\t\t\t\t<img loading=\"lazy\" decoding=\"async\" src=\"https:\/\/brasil61.com\/api\/v1\/serve_pixel\/17677\/84043\" alt=\"Pixel Brasil 61\" class=\"b61_pixel\" width=\"0\" height=\"0\"><\/p>\n<input type=\"hidden\" id=\"baseurl\" value=\"https:\/\/noticiasdestaque.com.br\"><input type=\"hidden\" id=\"audio_nonce\" value=\"6f73a554f1\">","protected":false},"excerpt":{"rendered":"<p>Instabilidades atuam na faixa costeira, enquanto ar seco predomina no sert\u00e3o e demais \u00e1reas do interior<\/p>\n","protected":false},"author":1,"featured_media":45199,"comment_status":"open","ping_status":"open","sticky":false,"template":"","format":"standard","meta":{"fifu_image_url":"","fifu_image_alt":"","footnotes":""},"categories":[58],"tags":[],"class_list":["post-45198","post","type-post","status-publish","format-standard","has-post-thumbnail","hentry","category-cotidiano"],"distributor_meta":false,"distributor_terms":false,"distributor_media":false,"distributor_original_site_name":"Noticias em Destaque","distributor_original_site_url":"https:\/\/noticiasdestaque.com.br","push-errors":false,"_links":{"self":[{"href":"https:\/\/noticiasdestaque.com.br\/index.php\/wp-json\/wp\/v2\/posts\/45198","targetHints":{"allow":["GET"]}}],"collection":[{"href":"https:\/\/noticiasdestaque.com.br\/index.php\/wp-json\/wp\/v2\/posts"}],"about":[{"href":"https:\/\/noticiasdestaque.com.br\/index.php\/wp-json\/wp\/v2\/types\/post"}],"author":[{"embeddable":true,"href":"https:\/\/noticiasdestaque.com.br\/index.php\/wp-json\/wp\/v2\/users\/1"}],"replies":[{"embeddable":true,"href":"https:\/\/noticiasdestaque.com.br\/index.php\/wp-json\/wp\/v2\/comments?post=45198"}],"version-history":[{"count":0,"href":"https:\/\/noticiasdestaque.com.br\/index.php\/wp-json\/wp\/v2\/posts\/45198\/revisions"}],"wp:featuredmedia":[{"embeddable":true,"href":"https:\/\/noticiasdestaque.com.br\/index.php\/wp-json\/wp\/v2\/media\/45199"}],"wp:attachment":[{"href":"https:\/\/noticiasdestaque.com.br\/index.php\/wp-json\/wp\/v2\/media?parent=45198"}],"wp:term":[{"taxonomy":"category","embeddable":true,"href":"https:\/\/noticiasdestaque.com.br\/index.php\/wp-json\/wp\/v2\/categories?post=45198"},{"taxonomy":"post_tag","embeddable":true,"href":"https:\/\/noticiasdestaque.com.br\/index.php\/wp-json\/wp\/v2\/tags?post=45198"}],"curies":[{"name":"wp","href":"https:\/\/api.w.org\/{rel}","templated":true}]}}