{"id":45194,"date":"2025-08-15T09:00:00","date_gmt":"2025-08-15T12:00:00","guid":{"rendered":"https:\/\/noticiasdestaque.com.br\/index.php\/2025\/08\/15\/setor-de-servicos-cresce-03-em-junho-e-registra-a-quinta-alta-consecutiva-aponta-ibge\/"},"modified":"2025-08-15T09:00:00","modified_gmt":"2025-08-15T12:00:00","slug":"setor-de-servicos-cresce-03-em-junho-e-registra-a-quinta-alta-consecutiva-aponta-ibge","status":"publish","type":"post","link":"https:\/\/noticiasdestaque.com.br\/index.php\/2025\/08\/15\/setor-de-servicos-cresce-03-em-junho-e-registra-a-quinta-alta-consecutiva-aponta-ibge\/","title":{"rendered":"Setor de servi\u00e7os cresce 0,3% em junho e registra a quinta alta consecutiva, aponta IBGE"},"content":{"rendered":"<p>\t\t\t\t\t\t\t\t\t\t<audio controls class=\"b61_audio_player\" data-noticia=\"84029\" src=\"https:\/\/brasil61.com\/rails\/active_storage\/blobs\/eyJfcmFpbHMiOnsibWVzc2FnZSI6IkJBaHBBKytJQXc9PSIsImV4cCI6bnVsbCwicHVyIjoiYmxvYl9pZCJ9fQ==--8f37c95c26662961ad44289bfd2b6649c45078ef\/BRAS2514525A\"><\/audio><\/p>\n<p>O <strong>setor de servi\u00e7os registrou crescimento de 0,3% em junho<\/strong>, a quinta alta consecutiva do \u00edndice e o <strong>maior patamar da s\u00e9rie hist\u00f3rica<\/strong>. Os dados fazem parte da Pesquisa Mensal de Servi\u00e7os, divulgada nesta quinta-feira (14) pelo <strong>Instituto Brasileiro de Geografia e Estat\u00edstica (IBGE)<\/strong>.<\/p>\n<p>Com esse resultado, o setor acumula ganho de 2% entre fevereiro e junho de 2025 e fecha o primeiro semestre com aumento de 2,5%. No acumulado de 12 meses, a expans\u00e3o chega a 3%. J\u00e1 em compara\u00e7\u00e3o com o mesmo per\u00edodo do ano anterior, o volume de servi\u00e7os avan\u00e7ou 2,8%.\u00a0<\/p>\n<h2>Desempenhos<\/h2>\n<p>A varia\u00e7\u00e3o positiva do volume de servi\u00e7os em junho foi <strong>impulsionada por apenas uma das cinco grandes atividades econ\u00f4micas<\/strong> pesquisadas pelo IBGE: o setor de <strong>transportes<\/strong>, que <strong>avan\u00e7ou 1,5%<\/strong>. O crescimento ocorreu devido ao aumento da receita nas empresas que atuam no transporte rodovi\u00e1rio de cargas e no transporte a\u00e9reo de passageiros.<\/p>\n<p>Em contraste, os demais setores apresentaram taxas negativas, com destaque para Outros servi\u00e7os, com queda de 1,3%, e Servi\u00e7os prestados \u00e0s fam\u00edlias, com recuo de 1,4%, a terceira retra\u00e7\u00e3o seguida.<\/p>\n<p><strong>Confira o desempenho das atividades:<\/strong><\/p>\n<ul>\n<li><strong>Servi\u00e7os prestados \u00e0s fam\u00edlias:<\/strong> -1,4%<\/li>\n<li><strong>Servi\u00e7os de informa\u00e7\u00e3o e comunica\u00e7\u00e3o:<\/strong> -0,2%<\/li>\n<li><strong>Servi\u00e7os profissionais, administrativos e complementares:<\/strong> -0,1%<\/li>\n<li><strong>Transportes, servi\u00e7os auxiliares aos transportes e correio:<\/strong> +1,5%<\/li>\n<li><strong>Outros servi\u00e7os: <\/strong>-1,3%<\/li>\n<\/ul>\n<p>Das 27 unidades da Federa\u00e7\u00e3o, a menor parte (11) apresentou resultado positivo. As maiores altas foram registradas no Distrito Federal (2,3%) e no Paran\u00e1 (0,8%).<\/p>\n<h2>Perspectiva para os pr\u00f3ximos meses<\/h2>\n<p>Em junho de 2025, o desempenho do setor atingiu um <strong>n\u00edvel 18% acima do registrado em fevereiro de 2020, antes da pandemia.<\/strong><\/p>\n<p>O economista Adhemar Mineiro, membro da Coordena\u00e7\u00e3o da Associa\u00e7\u00e3o Brasileira de Economistas pela Democracia (ABED), acredita que \u201co setor de servi\u00e7os cresce de forma sustentada h\u00e1 alguns anos, o que mostra que ele se recuperou depois da pandemia. Na economia brasileira atual, isso revela que o crescimento econ\u00f4mico acompanha o (desempenho do) setor de servi\u00e7os\u201d.<\/p>\n<p>Segundo ele, <strong>o cen\u00e1rio para os pr\u00f3ximos meses deve ser de continuidade de crescimento<\/strong>, mas pequeno. &#8220;Por j\u00e1 estar ocorrendo h\u00e1 algum tempo, a expectativa \u00e9 que esse ritmo se mantenha. Com juros muito altos acaba-se evitando um dinamismo mais acelerado, n\u00e3o s\u00f3 do setor de servi\u00e7os, como dos outros setores da economia brasileira&#8221;, afirma Mineiro.<\/p>\n<p>\t\t\t\t\t\t\t\t\t<img loading=\"lazy\" decoding=\"async\" src=\"https:\/\/brasil61.com\/api\/v1\/serve_pixel\/17677\/84029\" alt=\"Pixel Brasil 61\" class=\"b61_pixel\" width=\"0\" height=\"0\"><\/p>\n<input type=\"hidden\" id=\"baseurl\" value=\"https:\/\/noticiasdestaque.com.br\"><input type=\"hidden\" id=\"audio_nonce\" value=\"6f73a554f1\">","protected":false},"excerpt":{"rendered":"<p>Impulsionado pela atividade dos transportes, o setor acumula ganho de 2% entre fevereiro e junho de 2025 e encerra o primeiro semestre com crescimento de 2,5%<\/p>\n","protected":false},"author":1,"featured_media":45195,"comment_status":"open","ping_status":"open","sticky":false,"template":"","format":"standard","meta":{"fifu_image_url":"","fifu_image_alt":"","footnotes":""},"categories":[59],"tags":[],"class_list":["post-45194","post","type-post","status-publish","format-standard","has-post-thumbnail","hentry","category-economia"],"distributor_meta":false,"distributor_terms":false,"distributor_media":false,"distributor_original_site_name":"Noticias em Destaque","distributor_original_site_url":"https:\/\/noticiasdestaque.com.br","push-errors":false,"_links":{"self":[{"href":"https:\/\/noticiasdestaque.com.br\/index.php\/wp-json\/wp\/v2\/posts\/45194","targetHints":{"allow":["GET"]}}],"collection":[{"href":"https:\/\/noticiasdestaque.com.br\/index.php\/wp-json\/wp\/v2\/posts"}],"about":[{"href":"https:\/\/noticiasdestaque.com.br\/index.php\/wp-json\/wp\/v2\/types\/post"}],"author":[{"embeddable":true,"href":"https:\/\/noticiasdestaque.com.br\/index.php\/wp-json\/wp\/v2\/users\/1"}],"replies":[{"embeddable":true,"href":"https:\/\/noticiasdestaque.com.br\/index.php\/wp-json\/wp\/v2\/comments?post=45194"}],"version-history":[{"count":0,"href":"https:\/\/noticiasdestaque.com.br\/index.php\/wp-json\/wp\/v2\/posts\/45194\/revisions"}],"wp:featuredmedia":[{"embeddable":true,"href":"https:\/\/noticiasdestaque.com.br\/index.php\/wp-json\/wp\/v2\/media\/45195"}],"wp:attachment":[{"href":"https:\/\/noticiasdestaque.com.br\/index.php\/wp-json\/wp\/v2\/media?parent=45194"}],"wp:term":[{"taxonomy":"category","embeddable":true,"href":"https:\/\/noticiasdestaque.com.br\/index.php\/wp-json\/wp\/v2\/categories?post=45194"},{"taxonomy":"post_tag","embeddable":true,"href":"https:\/\/noticiasdestaque.com.br\/index.php\/wp-json\/wp\/v2\/tags?post=45194"}],"curies":[{"name":"wp","href":"https:\/\/api.w.org\/{rel}","templated":true}]}}