{"id":45190,"date":"2025-08-15T04:00:00","date_gmt":"2025-08-15T07:00:00","guid":{"rendered":"https:\/\/noticiasdestaque.com.br\/index.php\/2025\/08\/15\/industria-brasileira-tera-programa-nacional-para-cuidar-da-saude-mental-dos-trabalhadores\/"},"modified":"2025-08-15T04:00:00","modified_gmt":"2025-08-15T07:00:00","slug":"industria-brasileira-tera-programa-nacional-para-cuidar-da-saude-mental-dos-trabalhadores","status":"publish","type":"post","link":"https:\/\/noticiasdestaque.com.br\/index.php\/2025\/08\/15\/industria-brasileira-tera-programa-nacional-para-cuidar-da-saude-mental-dos-trabalhadores\/","title":{"rendered":"Ind\u00fastria brasileira ter\u00e1 programa nacional para cuidar da sa\u00fade mental dos trabalhadores"},"content":{"rendered":"<p>\t\t\t\t\t\t\t\t\t\t<audio controls class=\"b61_audio_player\" data-noticia=\"84011\" src=\"https:\/\/brasil61.com\/rails\/active_storage\/blobs\/eyJfcmFpbHMiOnsibWVzc2FnZSI6IkJBaHBBNXlJQXc9PSIsImV4cCI6bnVsbCwicHVyIjoiYmxvYl9pZCJ9fQ==--f40dd015a2ce82b73b8cccda1859ba3cf343b191\/PIND254589A\"><\/audio><\/p>\n<p>O Servi\u00e7o Social da Ind\u00fastria (SESI), o Conselho Nacional do SESI e o Minist\u00e9rio da Sa\u00fade oficializaram um <a href=\"https:\/\/noticias.portaldaindustria.com.br\/noticias\/saude-e-qualidade-de-vida\/sesi-e-ministerio-da-saude-lancam-acoes-de-cuidados-com-saude-mental-na-industria\/\">Acordo de Coopera\u00e7\u00e3o T\u00e9cnica (ACT)<\/a> para promover a sa\u00fade mental na ind\u00fastria. O pacto visa criar ambientes laborais mais saud\u00e1veis, fortalecer a qualidade de vida dos trabalhadores e preparar o setor para emerg\u00eancias em sa\u00fade p\u00fablica.<\/p>\n<p>Segundo Anamaria Raposo, respons\u00e1vel pela coordena\u00e7\u00e3o das a\u00e7\u00f5es do ACT com o Minist\u00e9rio da Sa\u00fade, o programa contempla sete eixos de a\u00e7\u00f5es intersetoriais (emerg\u00eancias clim\u00e1ticas, interoperabilidade de dados, promo\u00e7\u00e3o da sa\u00fade mental, capacita\u00e7\u00e3o, sa\u00fade conectada, arboviroses e imuniza\u00e7\u00e3o), baseadas em pesquisas que ser\u00e3o realizadas at\u00e9 dezembro de 2026.<\/p>\n<p>\u201cA pesquisa de sa\u00fade e qualidade de vida do trabalhador da ind\u00fastria vai ser realizada pelos regionais do SESI, de todas as regi\u00f5es do pa\u00eds, numa amostra de 219 empresas de todos os portes e, aproximadamente, 16.500 trabalhadores, considerando a representatividade tanto de porte quanto de regi\u00e3o. Ser\u00e1 feita uma coleta em setembro de 2025, que vai resultar em um primeiro relat\u00f3rio-base. Em 2026, vai ser feita uma nova coleta para possibilitar um primeiro acompanhamento das quest\u00f5es identificadas\u201d, explica.<\/p>\n<p>Para fazer uma radiografia completa da sa\u00fade de cada indiv\u00edduo, ser\u00e1 utilizada a ferramenta ASSTI (Avalia\u00e7\u00e3o de Sa\u00fade e Seguran\u00e7a do Trabalhador da Ind\u00fastria) para armazenar dados de entrevistas por telefone com colaboradores de 18 estados.<\/p>\n<p>\u201cOs resultados podem apontar, por exemplo, um percentual significativo de trabalhadores com sobrepeso, com h\u00e1bitos de fumo, press\u00e3o alta. E com esses indicadores em m\u00e3os, a empresa pode contratar ou promover interven\u00e7\u00f5es direcionadas\u201d, acrescenta Anamaria Raposo.<\/p>\n<p>Na avalia\u00e7\u00e3o do psic\u00f3logo do grupo Mantevida, Edilson Jos\u00e9 Ferreira de Oliveira, o acompanhamento peri\u00f3dico contribui para que a sa\u00fade mental dos trabalhadores tenha a devida aten\u00e7\u00e3o. \u201c\u00c9 positivo quando se levanta os dados porque chama a aten\u00e7\u00e3o das autoridades e das responsabilidades de cada parte justamente para cria\u00e7\u00e3o das pol\u00edticas p\u00fablicas efetivas\u201d.<\/p>\n<p>Oliveira revela que a depress\u00e3o \u00e9 um dos problemas mais comuns, porque a maioria das pessoas n\u00e3o busca ajuda por medo ou falta de conhecimento. \u201cMuitos t\u00eam depress\u00e3o e n\u00e3o sabem, ent\u00e3o v\u00e3o deixando para depois o cuidado. Infelizmente, a manicomializa\u00e7\u00e3o sustentou muito esse estigma de que uma pessoa que procura um psic\u00f3logo, um psiquiatra, vai ser internada e ser mal vista socialmente. Isso atrapalha at\u00e9 as empresas implementarem esses cuidados. A verdade \u00e9 que precisamos implementar uma ideia de acolhida com o outro n\u00e3o s\u00f3 no contexto de adoecimento\u201d, alerta o especialista.<\/p>\n<p>\t\t\t\t\t\t\t\t\t<img loading=\"lazy\" decoding=\"async\" src=\"https:\/\/brasil61.com\/api\/v1\/serve_pixel\/17677\/84011\" alt=\"Pixel Brasil 61\" class=\"b61_pixel\" width=\"0\" height=\"0\"><\/p>\n<input type=\"hidden\" id=\"baseurl\" value=\"https:\/\/noticiasdestaque.com.br\"><input type=\"hidden\" id=\"audio_nonce\" value=\"6f73a554f1\">","protected":false},"excerpt":{"rendered":"<p>Parceria entre SESI e Minist\u00e9rio da Sa\u00fade inclui pesquisa in\u00e9dita e sete eixos de a\u00e7\u00e3o, do combate a arboviroses \u00e0 preven\u00e7\u00e3o da depress\u00e3o<\/p>\n","protected":false},"author":1,"featured_media":45191,"comment_status":"open","ping_status":"open","sticky":false,"template":"","format":"standard","meta":{"fifu_image_url":"","fifu_image_alt":"","footnotes":""},"categories":[51],"tags":[],"class_list":["post-45190","post","type-post","status-publish","format-standard","has-post-thumbnail","hentry","category-saude"],"distributor_meta":false,"distributor_terms":false,"distributor_media":false,"distributor_original_site_name":"Noticias em Destaque","distributor_original_site_url":"https:\/\/noticiasdestaque.com.br","push-errors":false,"_links":{"self":[{"href":"https:\/\/noticiasdestaque.com.br\/index.php\/wp-json\/wp\/v2\/posts\/45190","targetHints":{"allow":["GET"]}}],"collection":[{"href":"https:\/\/noticiasdestaque.com.br\/index.php\/wp-json\/wp\/v2\/posts"}],"about":[{"href":"https:\/\/noticiasdestaque.com.br\/index.php\/wp-json\/wp\/v2\/types\/post"}],"author":[{"embeddable":true,"href":"https:\/\/noticiasdestaque.com.br\/index.php\/wp-json\/wp\/v2\/users\/1"}],"replies":[{"embeddable":true,"href":"https:\/\/noticiasdestaque.com.br\/index.php\/wp-json\/wp\/v2\/comments?post=45190"}],"version-history":[{"count":0,"href":"https:\/\/noticiasdestaque.com.br\/index.php\/wp-json\/wp\/v2\/posts\/45190\/revisions"}],"wp:featuredmedia":[{"embeddable":true,"href":"https:\/\/noticiasdestaque.com.br\/index.php\/wp-json\/wp\/v2\/media\/45191"}],"wp:attachment":[{"href":"https:\/\/noticiasdestaque.com.br\/index.php\/wp-json\/wp\/v2\/media?parent=45190"}],"wp:term":[{"taxonomy":"category","embeddable":true,"href":"https:\/\/noticiasdestaque.com.br\/index.php\/wp-json\/wp\/v2\/categories?post=45190"},{"taxonomy":"post_tag","embeddable":true,"href":"https:\/\/noticiasdestaque.com.br\/index.php\/wp-json\/wp\/v2\/tags?post=45190"}],"curies":[{"name":"wp","href":"https:\/\/api.w.org\/{rel}","templated":true}]}}