{"id":45188,"date":"2025-08-14T23:00:00","date_gmt":"2025-08-15T02:00:00","guid":{"rendered":"https:\/\/noticiasdestaque.com.br\/index.php\/2025\/08\/14\/royalties-da-mineracao-deputados-cobram-estruturacao-da-anm-para-combater-sonegacao\/"},"modified":"2025-08-14T23:00:00","modified_gmt":"2025-08-15T02:00:00","slug":"royalties-da-mineracao-deputados-cobram-estruturacao-da-anm-para-combater-sonegacao","status":"publish","type":"post","link":"https:\/\/noticiasdestaque.com.br\/index.php\/2025\/08\/14\/royalties-da-mineracao-deputados-cobram-estruturacao-da-anm-para-combater-sonegacao\/","title":{"rendered":"Royalties da minera\u00e7\u00e3o: deputados cobram estrutura\u00e7\u00e3o da ANM para combater sonega\u00e7\u00e3o"},"content":{"rendered":"<p>\t\t\t\t\t\t\t\t\t\t<audio controls class=\"b61_audio_player\" data-noticia=\"84028\" src=\"https:\/\/brasil61.com\/rails\/active_storage\/blobs\/eyJfcmFpbHMiOnsibWVzc2FnZSI6IkJBaHBBK3FJQXc9PSIsImV4cCI6bnVsbCwicHVyIjoiYmxvYl9pZCJ9fQ==--ad8c9d254dfc30d94bdbe8afb22868fdb2bc4c53\/BRAS2514524A\"><\/audio><\/p>\n<p>Em audi\u00eancia p\u00fablica ocorrida nesta semana, promovida pela Comiss\u00e3o de Minas e Energia, os deputados defenderam a estrutura\u00e7\u00e3o imediata da<a href=\"https:\/\/www.gov.br\/anm\/pt-br\" target=\"_blank\"> Ag\u00eancia Nacional de Minera\u00e7\u00e3o (ANM)<\/a> <strong>com vistas a combater a sonega\u00e7\u00e3o da Compensa\u00e7\u00e3o Financeira pela Explora\u00e7\u00e3o de Recursos Minerais (CFEM). Cabe \u00e0 ag\u00eancia regular e fiscalizar o setor minerador no Brasil.<\/strong><\/p>\n<\/p>\n<p>A CFEM \u00e9 um pagamento obrigat\u00f3rio que as empresas de minera\u00e7\u00e3o devem realizar ao governo federal, estados e munic\u00edpios pela explora\u00e7\u00e3o de minerais, como ferro e mangan\u00eas, em seus territ\u00f3rios.<\/p>\n<p>De acordo com a Ag\u00eancia C\u00e2mara de Not\u00edcias, <strong>um relat\u00f3rio do Tribunal de Contas da Uni\u00e3o (TCU) de 2024 mostrou que a sonega\u00e7\u00e3o \u00e9 um problema que merece aten\u00e7\u00e3o, visto que quase 70% das empresas n\u00e3o pagaram a CFEM voluntariamente entre 2017 e 2022.<\/strong><\/p>\n<p>O debate contou com a participa\u00e7\u00e3o de representantes do governo federal, da sociedade e dos munic\u00edpios mineradores.<\/p>\n<p>Conforme a publica\u00e7\u00e3o da Ag\u00eancia C\u00e2mara de Not\u00edcias,<strong> o superintendente de Arrecada\u00e7\u00e3o e Fiscaliza\u00e7\u00e3o de Receitas da ANM, Alexandre Rodrigues, disse que a ag\u00eancia possui apenas tr\u00eas funcion\u00e1rios para fiscalizar a arrecada\u00e7\u00e3o da CFEM em todo o territ\u00f3rio nacional.<\/strong> No entanto, pontuou que no m\u00eas seguinte 41 novos servidores tomar\u00e3o posse\u00a0\u00a0para atuar na fiscaliza\u00e7\u00e3o.<\/p>\n<h2>O que dizem os deputados<\/h2>\n<p>O deputado Joaquim Passarinho (PL-PA) argumentou que, sem o refor\u00e7o da Ag\u00eancia Nacional de Minera\u00e7\u00e3o (ANM), com a contrata\u00e7\u00e3o de mais pessoal, a sonega\u00e7\u00e3o da CFEM n\u00e3o vai diminuir.<\/p>\n<p>\u201cA solu\u00e7\u00e3o passa pelo fortalecimento da ag\u00eancia, para que ela possa fazer a sua fun\u00e7\u00e3o, que \u00e9 a fiscaliza\u00e7\u00e3o\u201d, afirmou Joaquim Passarinho (PL-PA).<\/p>\n<p>J\u00e1 o deputado Padre Jo\u00e3o (PT-MG), que requereu o debate, apontou que o cen\u00e1rio da sonega\u00e7\u00e3o n\u00e3o \u00e9 novo e precisa ser enfrentado. O parlamentar mencionou, ainda, que os recursos minerais s\u00e3o um bem p\u00fablico e que a explora\u00e7\u00e3o deve beneficiar a popula\u00e7\u00e3o.<\/p>\n<p>\u201cTodos t\u00eam que usufruir desse bem. Uma das formas \u00e9 a CFEM\u201d, avaliou Padre Jo\u00e3o (PT-MG).<\/p>\n<p>O presidente da Comiss\u00e3o de Minas e Energia, deputado Diego Andrade (PSD-MG), sugeriu que a ANM formalize conv\u00eanios com os munic\u00edpios para que estas cidades possam fiscalizar a arrecada\u00e7\u00e3o da CFEM. A sugest\u00e3o foi elogiada pelo consultor da Associa\u00e7\u00e3o dos Munic\u00edpios Mineradores de Minas Gerais (Amig), Waldir Salvador. Segundo a Ag\u00eancia C\u00e2mara de Not\u00edcias, ele citou que as prefeituras mineiras j\u00e1 disp\u00f5em de 100 fiscais qualificados para a atividade.<\/p>\n<h2>Transpar\u00eancia nos repasses e atrasos<\/h2>\n<p>Durante a audi\u00eancia p\u00fablica<strong>, os debatedores tamb\u00e9m cobraram transpar\u00eancia dos munic\u00edpios na aplica\u00e7\u00e3o dos recursos da CFEM.\u00a0<\/strong><\/p>\n<p>Inclusive, ap\u00f3s constatar atrasos em repasses da Compensa\u00e7\u00e3o Financeira pela Explora\u00e7\u00e3o de Recursos Minerais (CFEM) \u00e0s cidades afetadas pela atividade de minera\u00e7\u00e3o, a Confedera\u00e7\u00e3o Nacional de Munic\u00edpios (CNM) enviou um of\u00edcio \u00e0 Ag\u00eancia Nacional de Minera\u00e7\u00e3o (ANM), solicitando provid\u00eancias sobre o caso.\u00a0\u00a0<\/p>\n<p>Conforme a CNM, os atrasos ocorrem desde maio de 2025. O documento foi enviado no \u00faltimo dia 28 de julho.\u00a0<\/p>\n<p>De acordo com a publica\u00e7\u00e3o da confedera\u00e7\u00e3o, a ANM informou que \u201co processo de identifica\u00e7\u00e3o dos munic\u00edpios afetados est\u00e1 em curso, em parceria com o Servi\u00e7o Federal de Processamento de Dados (Serpro).\u201d\u00a0<\/p>\n<p><em>Com informa\u00e7\u00f5es da\u00a0Ag\u00eancia C\u00e2mara de Not\u00edcias.<\/em><\/p>\n<p>\t\t\t\t\t\t\t\t\t<img loading=\"lazy\" decoding=\"async\" src=\"https:\/\/brasil61.com\/api\/v1\/serve_pixel\/17677\/84028\" alt=\"Pixel Brasil 61\" class=\"b61_pixel\" width=\"0\" height=\"0\"><\/p>\n<input type=\"hidden\" id=\"baseurl\" value=\"https:\/\/noticiasdestaque.com.br\"><input type=\"hidden\" id=\"audio_nonce\" value=\"6a24ca502e\">","protected":false},"excerpt":{"rendered":"<p>Debate ocorreu na Comiss\u00e3o de Minas e Energia da C\u00e2mara<\/p>\n","protected":false},"author":1,"featured_media":45189,"comment_status":"open","ping_status":"open","sticky":false,"template":"","format":"standard","meta":{"fifu_image_url":"","fifu_image_alt":"","footnotes":""},"categories":[50],"tags":[],"class_list":["post-45188","post","type-post","status-publish","format-standard","has-post-thumbnail","hentry","category-politica"],"distributor_meta":false,"distributor_terms":false,"distributor_media":false,"distributor_original_site_name":"Noticias em Destaque","distributor_original_site_url":"https:\/\/noticiasdestaque.com.br","push-errors":false,"_links":{"self":[{"href":"https:\/\/noticiasdestaque.com.br\/index.php\/wp-json\/wp\/v2\/posts\/45188","targetHints":{"allow":["GET"]}}],"collection":[{"href":"https:\/\/noticiasdestaque.com.br\/index.php\/wp-json\/wp\/v2\/posts"}],"about":[{"href":"https:\/\/noticiasdestaque.com.br\/index.php\/wp-json\/wp\/v2\/types\/post"}],"author":[{"embeddable":true,"href":"https:\/\/noticiasdestaque.com.br\/index.php\/wp-json\/wp\/v2\/users\/1"}],"replies":[{"embeddable":true,"href":"https:\/\/noticiasdestaque.com.br\/index.php\/wp-json\/wp\/v2\/comments?post=45188"}],"version-history":[{"count":0,"href":"https:\/\/noticiasdestaque.com.br\/index.php\/wp-json\/wp\/v2\/posts\/45188\/revisions"}],"wp:featuredmedia":[{"embeddable":true,"href":"https:\/\/noticiasdestaque.com.br\/index.php\/wp-json\/wp\/v2\/media\/45189"}],"wp:attachment":[{"href":"https:\/\/noticiasdestaque.com.br\/index.php\/wp-json\/wp\/v2\/media?parent=45188"}],"wp:term":[{"taxonomy":"category","embeddable":true,"href":"https:\/\/noticiasdestaque.com.br\/index.php\/wp-json\/wp\/v2\/categories?post=45188"},{"taxonomy":"post_tag","embeddable":true,"href":"https:\/\/noticiasdestaque.com.br\/index.php\/wp-json\/wp\/v2\/tags?post=45188"}],"curies":[{"name":"wp","href":"https:\/\/api.w.org\/{rel}","templated":true}]}}