{"id":45176,"date":"2025-08-14T19:40:00","date_gmt":"2025-08-14T22:40:00","guid":{"rendered":"https:\/\/noticiasdestaque.com.br\/index.php\/2025\/08\/14\/previsao-do-tempo-sol-e-tempo-firme-predominam-no-sul-nesta-sexta-feira-15\/"},"modified":"2025-08-14T19:40:00","modified_gmt":"2025-08-14T22:40:00","slug":"previsao-do-tempo-sol-e-tempo-firme-predominam-no-sul-nesta-sexta-feira-15","status":"publish","type":"post","link":"https:\/\/noticiasdestaque.com.br\/index.php\/2025\/08\/14\/previsao-do-tempo-sol-e-tempo-firme-predominam-no-sul-nesta-sexta-feira-15\/","title":{"rendered":"PREVIS\u00c3O DO TEMPO: Sol e tempo firme predominam no Sul nesta sexta-feira (15)"},"content":{"rendered":"<p>\t\t\t\t\t\t\t\t\t\t<audio controls class=\"b61_audio_player\" data-noticia=\"84017\" src=\"https:\/\/brasil61.com\/rails\/active_storage\/blobs\/eyJfcmFpbHMiOnsibWVzc2FnZSI6IkJBaHBBK0dJQXc9PSIsImV4cCI6bnVsbCwicHVyIjoiYmxvYl9pZCJ9fQ==--b35fe6e4d13937ddefa842850230f999abfdb6f8\/PTRS254036A\"><\/audio><\/p>\n<p>Nesta sexta-feira (15), o tempo permanece est\u00e1vel em toda a Regi\u00e3o Sul do Brasil, sob a influ\u00eancia de uma massa de ar seco. O sol predomina desde as primeiras horas\u00a0e n\u00e3o h\u00e1 previs\u00e3o de chuva em nenhum estado. As temperaturas ficam amenas ao amanhecer e se elevam ao longo do dia, garantindo tardes agrad\u00e1veis a quentes em algumas \u00e1reas.<\/p>\n<p>\nNo <strong>Rio Grande do Sul<\/strong>, o c\u00e9u fica claro a parcialmente nublado em todo o territ\u00f3rio, com temperaturas amenas pela manh\u00e3 e calor moderado \u00e0 tarde.<\/p>\n<p>\nEm <strong>Santa Catarina<\/strong>, o cen\u00e1rio \u00e9 de tempo firme, com sol forte e poucas nuvens. As temperaturas variam de amenas no in\u00edcio do dia a agrad\u00e1veis durante a tarde, especialmente no interior.<\/p>\n<p>\nNo <strong>Paran\u00e1<\/strong>, o sol brilha em todas as regi\u00f5es, com tempo seco e c\u00e9u praticamente limpo. \u00c0 tarde, a umidade relativa do ar pode cair para n\u00edveis baixos no interior, exigindo aten\u00e7\u00e3o \u00e0 hidrata\u00e7\u00e3o.<\/p>\n<p>\nEntre as capitais, a temperatura m\u00ednima prevista \u00e9 de 7\u00b0C em <strong>Curitiba;<\/strong>\u00a0j\u00e1 a m\u00e1xima est\u00e1 prevista para <strong>Porto Alegre<\/strong>, com 18\u00b0C. A umidade relativa do ar varia entre 45% e 90%.<\/p>\n<p>\nAs informa\u00e7\u00f5es s\u00e3o do Instituto Nacional de Meteorologia (<a href=\"https:\/\/portal.inmet.gov.br\/\" target=\"_blank\">Inmet<\/a>).<br \/>\n\u00a0<\/p>\n<p>\t\t\t\t\t\t\t\t\t<img loading=\"lazy\" decoding=\"async\" src=\"https:\/\/brasil61.com\/api\/v1\/serve_pixel\/17677\/84017\" alt=\"Pixel Brasil 61\" class=\"b61_pixel\" width=\"0\" height=\"0\"><\/p>\n<input type=\"hidden\" id=\"baseurl\" value=\"https:\/\/noticiasdestaque.com.br\"><input type=\"hidden\" id=\"audio_nonce\" value=\"6f73a554f1\">","protected":false},"excerpt":{"rendered":"<p>Ar seco garante dias ensolarados e temperaturas em eleva\u00e7\u00e3o na regi\u00e3o<\/p>\n","protected":false},"author":1,"featured_media":45177,"comment_status":"open","ping_status":"open","sticky":false,"template":"","format":"standard","meta":{"fifu_image_url":"","fifu_image_alt":"","footnotes":""},"categories":[58],"tags":[],"class_list":["post-45176","post","type-post","status-publish","format-standard","has-post-thumbnail","hentry","category-cotidiano"],"distributor_meta":false,"distributor_terms":false,"distributor_media":false,"distributor_original_site_name":"Noticias em Destaque","distributor_original_site_url":"https:\/\/noticiasdestaque.com.br","push-errors":false,"_links":{"self":[{"href":"https:\/\/noticiasdestaque.com.br\/index.php\/wp-json\/wp\/v2\/posts\/45176","targetHints":{"allow":["GET"]}}],"collection":[{"href":"https:\/\/noticiasdestaque.com.br\/index.php\/wp-json\/wp\/v2\/posts"}],"about":[{"href":"https:\/\/noticiasdestaque.com.br\/index.php\/wp-json\/wp\/v2\/types\/post"}],"author":[{"embeddable":true,"href":"https:\/\/noticiasdestaque.com.br\/index.php\/wp-json\/wp\/v2\/users\/1"}],"replies":[{"embeddable":true,"href":"https:\/\/noticiasdestaque.com.br\/index.php\/wp-json\/wp\/v2\/comments?post=45176"}],"version-history":[{"count":0,"href":"https:\/\/noticiasdestaque.com.br\/index.php\/wp-json\/wp\/v2\/posts\/45176\/revisions"}],"wp:featuredmedia":[{"embeddable":true,"href":"https:\/\/noticiasdestaque.com.br\/index.php\/wp-json\/wp\/v2\/media\/45177"}],"wp:attachment":[{"href":"https:\/\/noticiasdestaque.com.br\/index.php\/wp-json\/wp\/v2\/media?parent=45176"}],"wp:term":[{"taxonomy":"category","embeddable":true,"href":"https:\/\/noticiasdestaque.com.br\/index.php\/wp-json\/wp\/v2\/categories?post=45176"},{"taxonomy":"post_tag","embeddable":true,"href":"https:\/\/noticiasdestaque.com.br\/index.php\/wp-json\/wp\/v2\/tags?post=45176"}],"curies":[{"name":"wp","href":"https:\/\/api.w.org\/{rel}","templated":true}]}}