{"id":45174,"date":"2025-08-14T19:30:00","date_gmt":"2025-08-14T22:30:00","guid":{"rendered":"https:\/\/noticiasdestaque.com.br\/index.php\/2025\/08\/14\/previsao-do-tempo-tempo-seco-e-calor-intenso-continuam-no-centro-oeste-nesta-sexta-feira-15\/"},"modified":"2025-08-14T19:30:00","modified_gmt":"2025-08-14T22:30:00","slug":"previsao-do-tempo-tempo-seco-e-calor-intenso-continuam-no-centro-oeste-nesta-sexta-feira-15","status":"publish","type":"post","link":"https:\/\/noticiasdestaque.com.br\/index.php\/2025\/08\/14\/previsao-do-tempo-tempo-seco-e-calor-intenso-continuam-no-centro-oeste-nesta-sexta-feira-15\/","title":{"rendered":"PREVIS\u00c3O DO TEMPO: Tempo seco e calor intenso continuam no Centro-Oeste nesta sexta-feira (15)"},"content":{"rendered":"<p>\t\t\t\t\t\t\t\t\t\t<audio controls class=\"b61_audio_player\" data-noticia=\"84013\" src=\"https:\/\/brasil61.com\/rails\/active_storage\/blobs\/eyJfcmFpbHMiOnsibWVzc2FnZSI6IkJBaHBBK1NJQXc9PSIsImV4cCI6bnVsbCwicHVyIjoiYmxvYl9pZCJ9fQ==--ffea551a8a8ee5f3a5226e20521df6509d7ca91e\/PTCO254171A\"><\/audio><\/p>\n<p>Nesta sexta-feira (15), o tempo segue firme em toda a Regi\u00e3o Centro-Oeste do Brasil. A presen\u00e7a de uma forte massa de ar seco continua impedindo a forma\u00e7\u00e3o de nuvens carregadas, garantindo sol predominante, calor elevado e baixos \u00edndices de umidade relativa do ar ao longo do dia.<\/p>\n<p>\nEm <strong>Mato Grosso<\/strong>, o sol aparece desde as primeiras horas, com c\u00e9u claro a parcialmente nublado. As temperaturas sobem rapidamente e a umidade atinge n\u00edveis cr\u00edticos, sobretudo nas regi\u00f5es norte e central.<\/p>\n<p>\nEm <strong>Mato Grosso do Sul<\/strong>, o cen\u00e1rio \u00e9 de tempo est\u00e1vel, sem previs\u00e3o de chuva. O calor ser\u00e1 mais intenso nas \u00e1reas oeste e norte do estado, onde as m\u00e1ximas podem ultrapassar os 30\u00b0C.<\/p>\n<p>\nEm <strong>Goi\u00e1s <\/strong>e no <strong>Distrito Federal<\/strong>, o dia ser\u00e1 ensolarado, com poucas nuvens e predom\u00ednio do ar seco. A umidade relativa do ar permanece em patamares baixos, refor\u00e7ando a import\u00e2ncia da hidrata\u00e7\u00e3o e de cuidados redobrados com a sa\u00fade respirat\u00f3ria.<\/p>\n<p>\nEntre as capitais, <strong>Campo Grande <\/strong>deve registrar a menor temperatura do dia, com m\u00ednima prevista de 12\u00b0C. J\u00e1 a m\u00e1xima pode atingir at\u00e9 34\u00b0C, em <strong>Cuiab\u00e1<\/strong>. A umidade relativa do ar varia entre 18% e 60%, mantendo o alerta para o tempo seco em grande parte da regi\u00e3o.<\/p>\n<p>\nAs informa\u00e7\u00f5es s\u00e3o do Instituto Nacional de Meteorologia (<a href=\"https:\/\/portal.inmet.gov.br\/\" target=\"_blank\">Inmet<\/a>).<br \/>\n\u00a0<\/p>\n<p>\t\t\t\t\t\t\t\t\t<img loading=\"lazy\" decoding=\"async\" src=\"https:\/\/brasil61.com\/api\/v1\/serve_pixel\/17677\/84013\" alt=\"Pixel Brasil 61\" class=\"b61_pixel\" width=\"0\" height=\"0\"><\/p>\n<input type=\"hidden\" id=\"baseurl\" value=\"https:\/\/noticiasdestaque.com.br\"><input type=\"hidden\" id=\"audio_nonce\" value=\"6f73a554f1\">","protected":false},"excerpt":{"rendered":"<p>Massa de ar seco mant\u00e9m sol predominante e baixa umidade na regi\u00e3o<\/p>\n","protected":false},"author":1,"featured_media":45175,"comment_status":"open","ping_status":"open","sticky":false,"template":"","format":"standard","meta":{"fifu_image_url":"","fifu_image_alt":"","footnotes":""},"categories":[58],"tags":[],"class_list":["post-45174","post","type-post","status-publish","format-standard","has-post-thumbnail","hentry","category-cotidiano"],"distributor_meta":false,"distributor_terms":false,"distributor_media":false,"distributor_original_site_name":"Noticias em Destaque","distributor_original_site_url":"https:\/\/noticiasdestaque.com.br","push-errors":false,"_links":{"self":[{"href":"https:\/\/noticiasdestaque.com.br\/index.php\/wp-json\/wp\/v2\/posts\/45174","targetHints":{"allow":["GET"]}}],"collection":[{"href":"https:\/\/noticiasdestaque.com.br\/index.php\/wp-json\/wp\/v2\/posts"}],"about":[{"href":"https:\/\/noticiasdestaque.com.br\/index.php\/wp-json\/wp\/v2\/types\/post"}],"author":[{"embeddable":true,"href":"https:\/\/noticiasdestaque.com.br\/index.php\/wp-json\/wp\/v2\/users\/1"}],"replies":[{"embeddable":true,"href":"https:\/\/noticiasdestaque.com.br\/index.php\/wp-json\/wp\/v2\/comments?post=45174"}],"version-history":[{"count":0,"href":"https:\/\/noticiasdestaque.com.br\/index.php\/wp-json\/wp\/v2\/posts\/45174\/revisions"}],"wp:featuredmedia":[{"embeddable":true,"href":"https:\/\/noticiasdestaque.com.br\/index.php\/wp-json\/wp\/v2\/media\/45175"}],"wp:attachment":[{"href":"https:\/\/noticiasdestaque.com.br\/index.php\/wp-json\/wp\/v2\/media?parent=45174"}],"wp:term":[{"taxonomy":"category","embeddable":true,"href":"https:\/\/noticiasdestaque.com.br\/index.php\/wp-json\/wp\/v2\/categories?post=45174"},{"taxonomy":"post_tag","embeddable":true,"href":"https:\/\/noticiasdestaque.com.br\/index.php\/wp-json\/wp\/v2\/tags?post=45174"}],"curies":[{"name":"wp","href":"https:\/\/api.w.org\/{rel}","templated":true}]}}