{"id":45172,"date":"2025-08-14T19:20:00","date_gmt":"2025-08-14T22:20:00","guid":{"rendered":"https:\/\/noticiasdestaque.com.br\/index.php\/2025\/08\/14\/previsao-do-tempo-sol-predomina-e-ar-seco-mantem-tempo-firme-no-sudeste-nesta-sexta-feira-15\/"},"modified":"2025-08-14T19:20:00","modified_gmt":"2025-08-14T22:20:00","slug":"previsao-do-tempo-sol-predomina-e-ar-seco-mantem-tempo-firme-no-sudeste-nesta-sexta-feira-15","status":"publish","type":"post","link":"https:\/\/noticiasdestaque.com.br\/index.php\/2025\/08\/14\/previsao-do-tempo-sol-predomina-e-ar-seco-mantem-tempo-firme-no-sudeste-nesta-sexta-feira-15\/","title":{"rendered":"PREVIS\u00c3O DO TEMPO: Sol predomina e ar seco mant\u00e9m tempo firme no Sudeste nesta sexta-feira (15)"},"content":{"rendered":"<p>\t\t\t\t\t\t\t\t\t\t<audio controls class=\"b61_audio_player\" data-noticia=\"84014\" src=\"https:\/\/brasil61.com\/rails\/active_storage\/blobs\/eyJfcmFpbHMiOnsibWVzc2FnZSI6IkJBaHBBK09JQXc9PSIsImV4cCI6bnVsbCwicHVyIjoiYmxvYl9pZCJ9fQ==--93a01ebc2b0f56c549820cb23653550e41b59909\/PTSD254155A\"><\/audio><\/p>\n<p>Nesta sexta-feira (15), o tempo segue est\u00e1vel em praticamente toda a Regi\u00e3o Sudeste do Brasil, ainda sob influ\u00eancia de uma massa de ar seco. O sol predomina, as temperaturas ficam elevadas e a umidade relativa do ar permanece baixa durante a tarde, principalmente nas \u00e1reas do interior.<\/p>\n<p>\nEm <strong>S\u00e3o Paulo<\/strong>, o dia ser\u00e1 ensolarado, com poucas nuvens e calor em todas as regi\u00f5es, inclusive no litoral. A umidade do ar cai para n\u00edveis de aten\u00e7\u00e3o em grande parte do interior no per\u00edodo da tarde.<\/p>\n<p>\nEm <strong>Minas Gerais<\/strong>, o tempo firme predomina, com c\u00e9u claro a parcialmente nublado. O ar seco atua de forma mais intensa no Tri\u00e2ngulo Mineiro, Norte e Centro do estado, favorecendo quedas acentuadas nos \u00edndices de umidade.<\/p>\n<p>\nNo <strong>Rio de Janeiro<\/strong>, o sol brilha forte durante todo o dia, com poucas nuvens e temperaturas elevadas. No litoral, o vento sopra de forma moderada, garantindo sensa\u00e7\u00e3o de calor mais amena em alguns momentos.<\/p>\n<p>\nNo <strong>Esp\u00edrito Santo<\/strong>, o cen\u00e1rio \u00e9 de c\u00e9u aberto e sol predominante em todo o estado, inclusive nas \u00e1reas litor\u00e2neas. O calor ser\u00e1 destaque, com m\u00e1ximas acima dos 30\u00b0C e vento moderado ao longo do dia.<\/p>\n<p>\nEntre as capitais, a menor temperatura \u00e9 prevista para o <strong>S\u00e3o Paulo <\/strong>com m\u00ednima de 9\u00b0C. A m\u00e1xima pode chegar a 26\u00b0C em <strong>Belo Horizonte<\/strong>. A umidade relativa do ar varia entre 25% e 100%, com os menores \u00edndices nas \u00e1reas do interior paulista e mineiro.<\/p>\n<p>\nAs informa\u00e7\u00f5es s\u00e3o do Instituto Nacional de Meteorologia (<a href=\"https:\/\/portal.inmet.gov.br\/\" target=\"_blank\">Inmet<\/a>).<br \/>\n\u00a0<\/p>\n<p>\t\t\t\t\t\t\t\t\t<img loading=\"lazy\" decoding=\"async\" src=\"https:\/\/brasil61.com\/api\/v1\/serve_pixel\/17677\/84014\" alt=\"Pixel Brasil 61\" class=\"b61_pixel\" width=\"0\" height=\"0\"><\/p>\n<input type=\"hidden\" id=\"baseurl\" value=\"https:\/\/noticiasdestaque.com.br\"><input type=\"hidden\" id=\"audio_nonce\" value=\"6f73a554f1\">","protected":false},"excerpt":{"rendered":"<p>Calor e baixa umidade do ar persistem, especialmente no interior da regi\u00e3o<\/p>\n","protected":false},"author":1,"featured_media":45173,"comment_status":"open","ping_status":"open","sticky":false,"template":"","format":"standard","meta":{"fifu_image_url":"","fifu_image_alt":"","footnotes":""},"categories":[58],"tags":[],"class_list":["post-45172","post","type-post","status-publish","format-standard","has-post-thumbnail","hentry","category-cotidiano"],"distributor_meta":false,"distributor_terms":false,"distributor_media":false,"distributor_original_site_name":"Noticias em Destaque","distributor_original_site_url":"https:\/\/noticiasdestaque.com.br","push-errors":false,"_links":{"self":[{"href":"https:\/\/noticiasdestaque.com.br\/index.php\/wp-json\/wp\/v2\/posts\/45172","targetHints":{"allow":["GET"]}}],"collection":[{"href":"https:\/\/noticiasdestaque.com.br\/index.php\/wp-json\/wp\/v2\/posts"}],"about":[{"href":"https:\/\/noticiasdestaque.com.br\/index.php\/wp-json\/wp\/v2\/types\/post"}],"author":[{"embeddable":true,"href":"https:\/\/noticiasdestaque.com.br\/index.php\/wp-json\/wp\/v2\/users\/1"}],"replies":[{"embeddable":true,"href":"https:\/\/noticiasdestaque.com.br\/index.php\/wp-json\/wp\/v2\/comments?post=45172"}],"version-history":[{"count":0,"href":"https:\/\/noticiasdestaque.com.br\/index.php\/wp-json\/wp\/v2\/posts\/45172\/revisions"}],"wp:featuredmedia":[{"embeddable":true,"href":"https:\/\/noticiasdestaque.com.br\/index.php\/wp-json\/wp\/v2\/media\/45173"}],"wp:attachment":[{"href":"https:\/\/noticiasdestaque.com.br\/index.php\/wp-json\/wp\/v2\/media?parent=45172"}],"wp:term":[{"taxonomy":"category","embeddable":true,"href":"https:\/\/noticiasdestaque.com.br\/index.php\/wp-json\/wp\/v2\/categories?post=45172"},{"taxonomy":"post_tag","embeddable":true,"href":"https:\/\/noticiasdestaque.com.br\/index.php\/wp-json\/wp\/v2\/tags?post=45172"}],"curies":[{"name":"wp","href":"https:\/\/api.w.org\/{rel}","templated":true}]}}