{"id":45170,"date":"2025-08-14T19:00:00","date_gmt":"2025-08-14T22:00:00","guid":{"rendered":"https:\/\/noticiasdestaque.com.br\/index.php\/2025\/08\/14\/previsao-do-tempo-chuva-no-litoral-entre-rn-e-ba-contrasta-com-tempo-firme-no-restante-do-nordeste-nesta-sexta-feira-15\/"},"modified":"2025-08-14T19:00:00","modified_gmt":"2025-08-14T22:00:00","slug":"previsao-do-tempo-chuva-no-litoral-entre-rn-e-ba-contrasta-com-tempo-firme-no-restante-do-nordeste-nesta-sexta-feira-15","status":"publish","type":"post","link":"https:\/\/noticiasdestaque.com.br\/index.php\/2025\/08\/14\/previsao-do-tempo-chuva-no-litoral-entre-rn-e-ba-contrasta-com-tempo-firme-no-restante-do-nordeste-nesta-sexta-feira-15\/","title":{"rendered":"PREVIS\u00c3O DO TEMPO: Chuva no litoral entre RN e BA contrasta com tempo firme no restante do Nordeste nesta sexta-feira (15)"},"content":{"rendered":"<p>\t\t\t\t\t\t\t\t\t\t<audio controls class=\"b61_audio_player\" data-noticia=\"84016\" src=\"https:\/\/brasil61.com\/rails\/active_storage\/blobs\/eyJfcmFpbHMiOnsibWVzc2FnZSI6IkJBaHBBK0tJQXc9PSIsImV4cCI6bnVsbCwicHVyIjoiYmxvYl9pZCJ9fQ==--7f6e8832bcdaf1ff548d67fe40393ede4217c813\/PTND254768A\"><\/audio><\/p>\n<p>Nesta sexta-feira (15), \u00e1reas de instabilidade favorecem a ocorr\u00eancia de chuva no litoral entre o <strong>Rio Grande do Norte<\/strong> e a <strong>Bahia<\/strong>. Nessas regi\u00f5es, o dia ter\u00e1 c\u00e9u nublado a parcialmente encoberto, com precipita\u00e7\u00f5es em v\u00e1rios momentos, especialmente nas capitais e cidades pr\u00f3ximas \u00e0 costa. A chuva pode ocorrer de forma moderada em alguns trechos, intercalada por per\u00edodos de melhoria.<\/p>\n<p>\nNo <strong>Maranh\u00e3o<\/strong>, no <strong>Cear\u00e1 <\/strong>e no <strong>Piau\u00ed<\/strong>, o tempo permanece firme, com predom\u00ednio de sol e baixa umidade relativa do ar no interior. Nessas \u00e1reas, o ar seco continua atuando com for\u00e7a, elevando as temperaturas e refor\u00e7ando a necessidade de aten\u00e7\u00e3o \u00e0 hidrata\u00e7\u00e3o.<\/p>\n<p>\nNo sert\u00e3o nordestino e no interior da <strong>Bahia<\/strong>, o cen\u00e1rio \u00e9 de calor intenso e c\u00e9u aberto, sem expectativa de chuva. J\u00e1 nas \u00e1reas litor\u00e2neas entre o <strong>Rio Grande do Norte<\/strong> e o sul da <strong>Bahia<\/strong>, as precipita\u00e7\u00f5es ajudam a aliviar as temperaturas, mas o calor ainda predomina nos intervalos de sol.<\/p>\n<p>\nEntre as capitais, a temperatura m\u00ednima prevista \u00e9 de 22\u00b0C em <strong>Aracaju <\/strong>e <strong>Salvador<\/strong>. J\u00e1 a m\u00e1xima pode alcan\u00e7ar os 28\u202f\u00b0C em <strong>Teresina <\/strong>e <strong>Salvador<\/strong>. A umidade relativa do ar varia entre 40% e 100%, com os \u00edndices mais baixos concentrados no interior da regi\u00e3o.<\/p>\n<p>\nAs informa\u00e7\u00f5es s\u00e3o do Instituto Nacional de Meteorologia (<a href=\"https:\/\/portal.inmet.gov.br\/\" target=\"_blank\">Inmet<\/a>).<br \/>\n\u00a0<\/p>\n<p>\t\t\t\t\t\t\t\t\t<img loading=\"lazy\" decoding=\"async\" src=\"https:\/\/brasil61.com\/api\/v1\/serve_pixel\/17677\/84016\" alt=\"Pixel Brasil 61\" class=\"b61_pixel\" width=\"0\" height=\"0\"><\/p>\n<input type=\"hidden\" id=\"baseurl\" value=\"https:\/\/noticiasdestaque.com.br\"><input type=\"hidden\" id=\"audio_nonce\" value=\"6f73a554f1\">","protected":false},"excerpt":{"rendered":"<p>Ar seco predomina no interior e em grande parte do Maranh\u00e3o, Cear\u00e1 e Piau\u00ed<\/p>\n","protected":false},"author":1,"featured_media":45171,"comment_status":"open","ping_status":"open","sticky":false,"template":"","format":"standard","meta":{"fifu_image_url":"","fifu_image_alt":"","footnotes":""},"categories":[58],"tags":[],"class_list":["post-45170","post","type-post","status-publish","format-standard","has-post-thumbnail","hentry","category-cotidiano"],"distributor_meta":false,"distributor_terms":false,"distributor_media":false,"distributor_original_site_name":"Noticias em Destaque","distributor_original_site_url":"https:\/\/noticiasdestaque.com.br","push-errors":false,"_links":{"self":[{"href":"https:\/\/noticiasdestaque.com.br\/index.php\/wp-json\/wp\/v2\/posts\/45170","targetHints":{"allow":["GET"]}}],"collection":[{"href":"https:\/\/noticiasdestaque.com.br\/index.php\/wp-json\/wp\/v2\/posts"}],"about":[{"href":"https:\/\/noticiasdestaque.com.br\/index.php\/wp-json\/wp\/v2\/types\/post"}],"author":[{"embeddable":true,"href":"https:\/\/noticiasdestaque.com.br\/index.php\/wp-json\/wp\/v2\/users\/1"}],"replies":[{"embeddable":true,"href":"https:\/\/noticiasdestaque.com.br\/index.php\/wp-json\/wp\/v2\/comments?post=45170"}],"version-history":[{"count":0,"href":"https:\/\/noticiasdestaque.com.br\/index.php\/wp-json\/wp\/v2\/posts\/45170\/revisions"}],"wp:featuredmedia":[{"embeddable":true,"href":"https:\/\/noticiasdestaque.com.br\/index.php\/wp-json\/wp\/v2\/media\/45171"}],"wp:attachment":[{"href":"https:\/\/noticiasdestaque.com.br\/index.php\/wp-json\/wp\/v2\/media?parent=45170"}],"wp:term":[{"taxonomy":"category","embeddable":true,"href":"https:\/\/noticiasdestaque.com.br\/index.php\/wp-json\/wp\/v2\/categories?post=45170"},{"taxonomy":"post_tag","embeddable":true,"href":"https:\/\/noticiasdestaque.com.br\/index.php\/wp-json\/wp\/v2\/tags?post=45170"}],"curies":[{"name":"wp","href":"https:\/\/api.w.org\/{rel}","templated":true}]}}