{"id":45168,"date":"2025-08-14T18:10:00","date_gmt":"2025-08-14T21:10:00","guid":{"rendered":"https:\/\/noticiasdestaque.com.br\/index.php\/2025\/08\/14\/previsao-do-tempo-chuva-atinge-parte-da-regiao-norte-nesta-sexta-feira-15\/"},"modified":"2025-08-14T18:10:00","modified_gmt":"2025-08-14T21:10:00","slug":"previsao-do-tempo-chuva-atinge-parte-da-regiao-norte-nesta-sexta-feira-15","status":"publish","type":"post","link":"https:\/\/noticiasdestaque.com.br\/index.php\/2025\/08\/14\/previsao-do-tempo-chuva-atinge-parte-da-regiao-norte-nesta-sexta-feira-15\/","title":{"rendered":"PREVIS\u00c3O DO TEMPO: Chuva atinge parte da Regi\u00e3o Norte nesta sexta-feira (15)"},"content":{"rendered":"<p>\t\t\t\t\t\t\t\t\t\t<audio controls class=\"b61_audio_player\" data-noticia=\"84018\" src=\"https:\/\/brasil61.com\/rails\/active_storage\/blobs\/eyJfcmFpbHMiOnsibWVzc2FnZSI6IkJBaHBBK0NJQXc9PSIsImV4cCI6bnVsbCwicHVyIjoiYmxvYl9pZCJ9fQ==--7297b8a5859752e1fb127442ff81bc4aaad11d61\/PTRN254520A\"><\/audio><\/p>\n<p>Nesta sexta-feira (15), \u00e1reas de instabilidade seguem atuando sobre parte da Regi\u00e3o Norte do Brasil, favorecendo a forma\u00e7\u00e3o de nuvens carregadas e pancadas de chuva. A combina\u00e7\u00e3o de calor e alta umidade mant\u00e9m as condi\u00e7\u00f5es para precipita\u00e7\u00f5es, especialmente \u00e0 tarde e \u00e0 noite.<\/p>\n<p>\nNo <strong>Acre<\/strong>, as chuvas se concentram no centro-norte do estado, com pancadas intercaladas por per\u00edodos de sol. No <strong>Amazonas<\/strong>, a instabilidade atinge as regi\u00f5es central e norte, com possibilidade de chuva moderada a forte em alguns pontos.<\/p>\n<p>\nNo <strong>Par\u00e1<\/strong>, as precipita\u00e7\u00f5es ocorrem principalmente nas \u00e1reas centrais e ao norte, enquanto o sul do estado segue com tempo firme e calor.<\/p>\n<p>\nEm <strong>Roraima <\/strong>e no <strong>Amap\u00e1<\/strong>, o dia ser\u00e1 de c\u00e9u nublado a encoberto, com chuva frequente em todas as regi\u00f5es. Em alguns momentos, as precipita\u00e7\u00f5es podem vir acompanhadas de trovoadas e rajadas de vento.<\/p>\n<p>\nNas demais \u00e1reas da regi\u00e3o, o tempo segue firme, com sol predominante e temperaturas elevadas.<\/p>\n<p>\nEntre as capitais, a temperatura m\u00ednima prevista \u00e9 de 22\u00b0C em <strong>Rio Branco<\/strong> e <strong>Porto Velho<\/strong>, j\u00e1 a m\u00e1xima est\u00e1 prevista para <strong>Porto Velho <\/strong>com 36\u00b0C. A umidade relativa do ar varia entre 30% e 100%.<\/p>\n<p>\nAs informa\u00e7\u00f5es s\u00e3o do Instituto Nacional de Meteorologia (<a href=\"https:\/\/portal.inmet.gov.br\/\" target=\"_blank\">Inmet<\/a>).<br \/>\n\u00a0<\/p>\n<p>\t\t\t\t\t\t\t\t\t<img loading=\"lazy\" decoding=\"async\" src=\"https:\/\/brasil61.com\/api\/v1\/serve_pixel\/17677\/84018\" alt=\"Pixel Brasil 61\" class=\"b61_pixel\" width=\"0\" height=\"0\"><\/p>\n<input type=\"hidden\" id=\"baseurl\" value=\"https:\/\/noticiasdestaque.com.br\"><input type=\"hidden\" id=\"audio_nonce\" value=\"6f73a554f1\">","protected":false},"excerpt":{"rendered":"<p>Instabilidade se concentra no centro-norte do Acre, Amazonas e Par\u00e1, e em todo o Amap\u00e1 e Roraima<\/p>\n","protected":false},"author":1,"featured_media":45169,"comment_status":"open","ping_status":"open","sticky":false,"template":"","format":"standard","meta":{"fifu_image_url":"","fifu_image_alt":"","footnotes":""},"categories":[58],"tags":[],"class_list":["post-45168","post","type-post","status-publish","format-standard","has-post-thumbnail","hentry","category-cotidiano"],"distributor_meta":false,"distributor_terms":false,"distributor_media":false,"distributor_original_site_name":"Noticias em Destaque","distributor_original_site_url":"https:\/\/noticiasdestaque.com.br","push-errors":false,"_links":{"self":[{"href":"https:\/\/noticiasdestaque.com.br\/index.php\/wp-json\/wp\/v2\/posts\/45168","targetHints":{"allow":["GET"]}}],"collection":[{"href":"https:\/\/noticiasdestaque.com.br\/index.php\/wp-json\/wp\/v2\/posts"}],"about":[{"href":"https:\/\/noticiasdestaque.com.br\/index.php\/wp-json\/wp\/v2\/types\/post"}],"author":[{"embeddable":true,"href":"https:\/\/noticiasdestaque.com.br\/index.php\/wp-json\/wp\/v2\/users\/1"}],"replies":[{"embeddable":true,"href":"https:\/\/noticiasdestaque.com.br\/index.php\/wp-json\/wp\/v2\/comments?post=45168"}],"version-history":[{"count":0,"href":"https:\/\/noticiasdestaque.com.br\/index.php\/wp-json\/wp\/v2\/posts\/45168\/revisions"}],"wp:featuredmedia":[{"embeddable":true,"href":"https:\/\/noticiasdestaque.com.br\/index.php\/wp-json\/wp\/v2\/media\/45169"}],"wp:attachment":[{"href":"https:\/\/noticiasdestaque.com.br\/index.php\/wp-json\/wp\/v2\/media?parent=45168"}],"wp:term":[{"taxonomy":"category","embeddable":true,"href":"https:\/\/noticiasdestaque.com.br\/index.php\/wp-json\/wp\/v2\/categories?post=45168"},{"taxonomy":"post_tag","embeddable":true,"href":"https:\/\/noticiasdestaque.com.br\/index.php\/wp-json\/wp\/v2\/tags?post=45168"}],"curies":[{"name":"wp","href":"https:\/\/api.w.org\/{rel}","templated":true}]}}