{"id":45142,"date":"2025-08-13T19:40:00","date_gmt":"2025-08-13T22:40:00","guid":{"rendered":"https:\/\/noticiasdestaque.com.br\/index.php\/2025\/08\/13\/previsao-do-tempo-litoral-da-regiao-sul-tera-chuva-nesta-quinta-feira-14\/"},"modified":"2025-08-13T19:40:00","modified_gmt":"2025-08-13T22:40:00","slug":"previsao-do-tempo-litoral-da-regiao-sul-tera-chuva-nesta-quinta-feira-14","status":"publish","type":"post","link":"https:\/\/noticiasdestaque.com.br\/index.php\/2025\/08\/13\/previsao-do-tempo-litoral-da-regiao-sul-tera-chuva-nesta-quinta-feira-14\/","title":{"rendered":"PREVIS\u00c3O DO TEMPO:  Litoral da Regi\u00e3o Sul ter\u00e1 chuva nesta quinta-feira (14)"},"content":{"rendered":"<p>\t\t\t\t\t\t\t\t\t\t<audio controls class=\"b61_audio_player\" data-noticia=\"83989\" src=\"https:\/\/brasil61.com\/rails\/active_storage\/blobs\/eyJfcmFpbHMiOnsibWVzc2FnZSI6IkJBaHBBM2VJQXc9PSIsImV4cCI6bnVsbCwicHVyIjoiYmxvYl9pZCJ9fQ==--6972023a46900824516cdd0955e02f50414312fb\/PTRS254035A\"><\/audio><\/p>\n<p>Na quinta-feira (14), o tempo muda em parte da Regi\u00e3o Sul do Brasil com a chegada de \u00e1reas de instabilidade que provocam chuva ao longo de todo o litoral, enquanto o interior segue com predom\u00ednio de sol e tempo seco.<\/p>\n<p>\nNo <strong>Rio Grande do Sul<\/strong>, o litoral amanhece com c\u00e9u nublado e chuva em v\u00e1rios momentos do dia, intercalada por per\u00edodos de melhoria. No interior, o tempo permanece firme, com sol predominante, temperaturas amenas no amanhecer e em eleva\u00e7\u00e3o ao longo da tarde.<\/p>\n<p>\nEm <strong>Santa Catarina<\/strong>, o litoral ter\u00e1 aumento de nebulosidade desde cedo, com ocorr\u00eancia de chuva fraca a moderada, especialmente entre a Grande Florian\u00f3polis e o Litoral Norte. Nas \u00e1reas do interior, o sol predomina e as temperaturas variam de amenas pela manh\u00e3 a agrad\u00e1veis \u00e0 tarde.<\/p>\n<p>\nNo <strong>Paran\u00e1<\/strong>, o tempo segue inst\u00e1vel no litoral, com c\u00e9u encoberto e pancadas de chuva ao longo do dia. No interior, o sol aparece entre poucas nuvens, mantendo as temperaturas em eleva\u00e7\u00e3o e umidade relativa do ar em n\u00edveis baixos durante a tarde.<\/p>\n<p>\nEntre as capitais, a temperatura m\u00ednima prevista \u00e9 de 6\u00b0C em <strong>Curitiba<\/strong>, j\u00e1 a m\u00e1xima est\u00e1 prevista para <strong>Florian\u00f3polis<\/strong>, com 20\u00b0C. A umidade relativa do ar varia entre 45% e 90%.<\/p>\n<p>\nAs informa\u00e7\u00f5es s\u00e3o do Instituto Nacional de Meteorologia (<a href=\"https:\/\/portal.inmet.gov.br\/\" target=\"_blank\">Inmet<\/a>).<br \/>\n\u00a0<\/p>\n<p>\t\t\t\t\t\t\t\t\t<img loading=\"lazy\" decoding=\"async\" src=\"https:\/\/brasil61.com\/api\/v1\/serve_pixel\/17677\/83989\" alt=\"Pixel Brasil 61\" class=\"b61_pixel\" width=\"0\" height=\"0\"><\/p>\n<input type=\"hidden\" id=\"baseurl\" value=\"https:\/\/noticiasdestaque.com.br\"><input type=\"hidden\" id=\"audio_nonce\" value=\"34245022d4\">","protected":false},"excerpt":{"rendered":"<p>\u00c1reas de instabilidade mant\u00eam precipita\u00e7\u00f5es no litoral, enquanto interior segue com sol e ar seco, segundo o Inmet<\/p>\n","protected":false},"author":1,"featured_media":45143,"comment_status":"open","ping_status":"open","sticky":false,"template":"","format":"standard","meta":{"fifu_image_url":"","fifu_image_alt":"","footnotes":""},"categories":[58],"tags":[],"class_list":["post-45142","post","type-post","status-publish","format-standard","has-post-thumbnail","hentry","category-cotidiano"],"distributor_meta":false,"distributor_terms":false,"distributor_media":false,"distributor_original_site_name":"Noticias em Destaque","distributor_original_site_url":"https:\/\/noticiasdestaque.com.br","push-errors":false,"_links":{"self":[{"href":"https:\/\/noticiasdestaque.com.br\/index.php\/wp-json\/wp\/v2\/posts\/45142","targetHints":{"allow":["GET"]}}],"collection":[{"href":"https:\/\/noticiasdestaque.com.br\/index.php\/wp-json\/wp\/v2\/posts"}],"about":[{"href":"https:\/\/noticiasdestaque.com.br\/index.php\/wp-json\/wp\/v2\/types\/post"}],"author":[{"embeddable":true,"href":"https:\/\/noticiasdestaque.com.br\/index.php\/wp-json\/wp\/v2\/users\/1"}],"replies":[{"embeddable":true,"href":"https:\/\/noticiasdestaque.com.br\/index.php\/wp-json\/wp\/v2\/comments?post=45142"}],"version-history":[{"count":0,"href":"https:\/\/noticiasdestaque.com.br\/index.php\/wp-json\/wp\/v2\/posts\/45142\/revisions"}],"wp:featuredmedia":[{"embeddable":true,"href":"https:\/\/noticiasdestaque.com.br\/index.php\/wp-json\/wp\/v2\/media\/45143"}],"wp:attachment":[{"href":"https:\/\/noticiasdestaque.com.br\/index.php\/wp-json\/wp\/v2\/media?parent=45142"}],"wp:term":[{"taxonomy":"category","embeddable":true,"href":"https:\/\/noticiasdestaque.com.br\/index.php\/wp-json\/wp\/v2\/categories?post=45142"},{"taxonomy":"post_tag","embeddable":true,"href":"https:\/\/noticiasdestaque.com.br\/index.php\/wp-json\/wp\/v2\/tags?post=45142"}],"curies":[{"name":"wp","href":"https:\/\/api.w.org\/{rel}","templated":true}]}}