{"id":45140,"date":"2025-08-13T19:30:00","date_gmt":"2025-08-13T22:30:00","guid":{"rendered":"https:\/\/noticiasdestaque.com.br\/index.php\/2025\/08\/13\/previsao-do-tempo-centro-oeste-tera-sol-forte-e-ar-seco-nesta-quinta-feira-14\/"},"modified":"2025-08-13T19:30:00","modified_gmt":"2025-08-13T22:30:00","slug":"previsao-do-tempo-centro-oeste-tera-sol-forte-e-ar-seco-nesta-quinta-feira-14","status":"publish","type":"post","link":"https:\/\/noticiasdestaque.com.br\/index.php\/2025\/08\/13\/previsao-do-tempo-centro-oeste-tera-sol-forte-e-ar-seco-nesta-quinta-feira-14\/","title":{"rendered":"PREVIS\u00c3O DO TEMPO: Centro-Oeste ter\u00e1 sol forte e ar seco nesta quinta-feira (14)"},"content":{"rendered":"<p>\t\t\t\t\t\t\t\t\t\t<audio controls class=\"b61_audio_player\" data-noticia=\"83986\" src=\"https:\/\/brasil61.com\/rails\/active_storage\/blobs\/eyJfcmFpbHMiOnsibWVzc2FnZSI6IkJBaHBBMzZJQXc9PSIsImV4cCI6bnVsbCwicHVyIjoiYmxvYl9pZCJ9fQ==--df9c1c4751e0a6fdfd3fc51df6c56aaacaa6b9ad\/PTCO254170A\"><\/audio><\/p>\n<p>Na quinta-feira (14), o tempo permanece firme em toda a Regi\u00e3o Centro-Oeste do Brasil. A atua\u00e7\u00e3o de uma forte massa de ar seco continua inibindo a forma\u00e7\u00e3o de nuvens de chuva, garantindo predom\u00ednio de sol, temperaturas altas e baixos \u00edndices de umidade relativa do ar ao longo do dia.<\/p>\n<p>\nEm <strong>Mato Grosso<\/strong>, o sol brilha forte desde cedo, com c\u00e9u claro a parcialmente nublado. As temperaturas sobem rapidamente e a umidade pode alcan\u00e7ar n\u00edveis cr\u00edticos, principalmente nas regi\u00f5es norte e central.<\/p>\n<p>\nEm <strong>Mato Grosso do Sul<\/strong>, o cen\u00e1rio \u00e9 de tempo seco e est\u00e1vel, com c\u00e9u aberto e aus\u00eancia total de precipita\u00e7\u00e3o. As temperaturas seguem elevadas, com calor mais intenso nas \u00e1reas oeste e norte do estado.<\/p>\n<p>\nEm <strong>Goi\u00e1s <\/strong>e no <strong>Distrito Federal<\/strong>, o dia ser\u00e1 ensolarado e com poucas nuvens. O ar seco predomina, mantendo a umidade relativa em patamares baixos, o que refor\u00e7a a necessidade de aten\u00e7\u00e3o \u00e0 hidrata\u00e7\u00e3o e aos cuidados com a sa\u00fade respirat\u00f3ria.<\/p>\n<p>\nEntre as capitais, <strong>Goi\u00e2nia <\/strong>deve registrar a menor temperatura do dia, com m\u00ednima prevista de 11\u00b0C. J\u00e1 a m\u00e1xima pode atingir at\u00e9 33\u00b0C, tamb\u00e9m para a capital goianiense. A umidade relativa do ar varia entre 18% e 60%, mantendo o alerta para o tempo seco em grande parte da regi\u00e3o.<\/p>\n<p>\nAs informa\u00e7\u00f5es s\u00e3o do Instituto Nacional de Meteorologia (<a href=\"https:\/\/portal.inmet.gov.br\/\" target=\"_blank\">Inmet<\/a>)<br \/>\n\u00a0<\/p>\n<p>\t\t\t\t\t\t\t\t\t<img loading=\"lazy\" decoding=\"async\" src=\"https:\/\/brasil61.com\/api\/v1\/serve_pixel\/17677\/83986\" alt=\"Pixel Brasil 61\" class=\"b61_pixel\" width=\"0\" height=\"0\"><\/p>\n<input type=\"hidden\" id=\"baseurl\" value=\"https:\/\/noticiasdestaque.com.br\"><input type=\"hidden\" id=\"audio_nonce\" value=\"34245022d4\">","protected":false},"excerpt":{"rendered":"<p>Massa de ar seco mant\u00e9m tempo firme, calor e umidade relativa baixa em toda a regi\u00e3o, segundo o Inmet<\/p>\n","protected":false},"author":1,"featured_media":45141,"comment_status":"open","ping_status":"open","sticky":false,"template":"","format":"standard","meta":{"fifu_image_url":"","fifu_image_alt":"","footnotes":""},"categories":[58],"tags":[],"class_list":["post-45140","post","type-post","status-publish","format-standard","has-post-thumbnail","hentry","category-cotidiano"],"distributor_meta":false,"distributor_terms":false,"distributor_media":false,"distributor_original_site_name":"Noticias em Destaque","distributor_original_site_url":"https:\/\/noticiasdestaque.com.br","push-errors":false,"_links":{"self":[{"href":"https:\/\/noticiasdestaque.com.br\/index.php\/wp-json\/wp\/v2\/posts\/45140","targetHints":{"allow":["GET"]}}],"collection":[{"href":"https:\/\/noticiasdestaque.com.br\/index.php\/wp-json\/wp\/v2\/posts"}],"about":[{"href":"https:\/\/noticiasdestaque.com.br\/index.php\/wp-json\/wp\/v2\/types\/post"}],"author":[{"embeddable":true,"href":"https:\/\/noticiasdestaque.com.br\/index.php\/wp-json\/wp\/v2\/users\/1"}],"replies":[{"embeddable":true,"href":"https:\/\/noticiasdestaque.com.br\/index.php\/wp-json\/wp\/v2\/comments?post=45140"}],"version-history":[{"count":0,"href":"https:\/\/noticiasdestaque.com.br\/index.php\/wp-json\/wp\/v2\/posts\/45140\/revisions"}],"wp:featuredmedia":[{"embeddable":true,"href":"https:\/\/noticiasdestaque.com.br\/index.php\/wp-json\/wp\/v2\/media\/45141"}],"wp:attachment":[{"href":"https:\/\/noticiasdestaque.com.br\/index.php\/wp-json\/wp\/v2\/media?parent=45140"}],"wp:term":[{"taxonomy":"category","embeddable":true,"href":"https:\/\/noticiasdestaque.com.br\/index.php\/wp-json\/wp\/v2\/categories?post=45140"},{"taxonomy":"post_tag","embeddable":true,"href":"https:\/\/noticiasdestaque.com.br\/index.php\/wp-json\/wp\/v2\/tags?post=45140"}],"curies":[{"name":"wp","href":"https:\/\/api.w.org\/{rel}","templated":true}]}}