{"id":45138,"date":"2025-08-13T19:20:00","date_gmt":"2025-08-13T22:20:00","guid":{"rendered":"https:\/\/noticiasdestaque.com.br\/index.php\/2025\/08\/13\/previsao-do-tempo-litoral-de-sp-e-rj-tera-chuva-nesta-quinta-feira-14\/"},"modified":"2025-08-13T19:20:00","modified_gmt":"2025-08-13T22:20:00","slug":"previsao-do-tempo-litoral-de-sp-e-rj-tera-chuva-nesta-quinta-feira-14","status":"publish","type":"post","link":"https:\/\/noticiasdestaque.com.br\/index.php\/2025\/08\/13\/previsao-do-tempo-litoral-de-sp-e-rj-tera-chuva-nesta-quinta-feira-14\/","title":{"rendered":"PREVIS\u00c3O DO TEMPO: Litoral de SP e RJ ter\u00e1 chuva nesta quinta-feira (14)"},"content":{"rendered":"<p>\t\t\t\t\t\t\t\t\t\t<audio controls class=\"b61_audio_player\" data-noticia=\"83987\" src=\"https:\/\/brasil61.com\/rails\/active_storage\/blobs\/eyJfcmFpbHMiOnsibWVzc2FnZSI6IkJBaHBBM3FJQXc9PSIsImV4cCI6bnVsbCwicHVyIjoiYmxvYl9pZCJ9fQ==--d3347fd2a45e877b07091c6205da5ac23f6ad644\/PTSD254154A\"><\/audio><\/p>\n<p>Na quinta-feira (14), o tempo segue est\u00e1vel na maior parte da Regi\u00e3o Sudeste, ainda sob influ\u00eancia de uma massa de ar seco, mas \u00e1reas de instabilidade avan\u00e7am pelo litoral de <strong>S\u00e3o Paulo<\/strong> e do<strong> Rio de Janeiro<\/strong>, favorecendo aumento de nebulosidade e ocorr\u00eancia de chuva nessas \u00e1reas. No restante da regi\u00e3o, o sol predomina e a umidade relativa do ar continua baixa durante a tarde, especialmente no interior.<\/p>\n<p>\nEm <strong>S\u00e3o Paulo<\/strong>, o interior ter\u00e1 dia ensolarado, com poucas nuvens e calor predominante. J\u00e1 no litoral, o c\u00e9u fica nublado em v\u00e1rios momentos, com pancadas de chuva intercaladas por per\u00edodos de sol. A umidade do ar segue baixa no interior \u00e0 tarde.<\/p>\n<p>\nEm <strong>Minas Gerais<\/strong>, o tempo firme predomina em todas as regi\u00f5es, com c\u00e9u claro a parcialmente nublado. O ar seco se mant\u00e9m atuando de forma mais intensa no Tri\u00e2ngulo Mineiro, Norte e Centro do estado.<\/p>\n<p>\nNo <strong>Rio de Janeiro<\/strong>, o interior ter\u00e1 sol forte e poucas nuvens, mas no litoral a nebulosidade aumenta ao longo do dia, com previs\u00e3o de chuva isolada, especialmente \u00e0 tarde e \u00e0 noite.<\/p>\n<p>\nNo <strong>Esp\u00edrito Santo<\/strong>, o tempo permanece aberto em todo o estado, com sol predominante e calor, inclusive nas \u00e1reas litor\u00e2neas, onde o vento sopra de forma moderada.<\/p>\n<p>\nEntre as capitais, a menor temperatura \u00e9 prevista para o <strong>Rio de Janeiro<\/strong> com m\u00ednima de 3\u00b0C. A m\u00e1xima pode chegar a 27\u00b0C em <strong>Belo Horizonte<\/strong>. A umidade relativa do ar varia entre 25% e 100%, com os menores \u00edndices nas \u00e1reas do interior paulista e mineiro.<\/p>\n<p>\nAs informa\u00e7\u00f5es s\u00e3o do Instituto Nacional de Meteorologia (<a href=\"https:\/\/portal.inmet.gov.br\/\" target=\"_blank\">Inmet<\/a>).<br \/>\n\u00a0<\/p>\n<p>\t\t\t\t\t\t\t\t\t<img loading=\"lazy\" decoding=\"async\" src=\"https:\/\/brasil61.com\/api\/v1\/serve_pixel\/17677\/83987\" alt=\"Pixel Brasil 61\" class=\"b61_pixel\" width=\"0\" height=\"0\"><\/p>\n<input type=\"hidden\" id=\"baseurl\" value=\"https:\/\/noticiasdestaque.com.br\"><input type=\"hidden\" id=\"audio_nonce\" value=\"34245022d4\">","protected":false},"excerpt":{"rendered":"<p>\u00c1reas de instabilidade quebram predom\u00ednio de ar seco no Sudeste, mas interior segue com sol forte e baixa umidade, segundo o Inmet<\/p>\n","protected":false},"author":1,"featured_media":45139,"comment_status":"open","ping_status":"open","sticky":false,"template":"","format":"standard","meta":{"fifu_image_url":"","fifu_image_alt":"","footnotes":""},"categories":[58],"tags":[],"class_list":["post-45138","post","type-post","status-publish","format-standard","has-post-thumbnail","hentry","category-cotidiano"],"distributor_meta":false,"distributor_terms":false,"distributor_media":false,"distributor_original_site_name":"Noticias em Destaque","distributor_original_site_url":"https:\/\/noticiasdestaque.com.br","push-errors":false,"_links":{"self":[{"href":"https:\/\/noticiasdestaque.com.br\/index.php\/wp-json\/wp\/v2\/posts\/45138","targetHints":{"allow":["GET"]}}],"collection":[{"href":"https:\/\/noticiasdestaque.com.br\/index.php\/wp-json\/wp\/v2\/posts"}],"about":[{"href":"https:\/\/noticiasdestaque.com.br\/index.php\/wp-json\/wp\/v2\/types\/post"}],"author":[{"embeddable":true,"href":"https:\/\/noticiasdestaque.com.br\/index.php\/wp-json\/wp\/v2\/users\/1"}],"replies":[{"embeddable":true,"href":"https:\/\/noticiasdestaque.com.br\/index.php\/wp-json\/wp\/v2\/comments?post=45138"}],"version-history":[{"count":0,"href":"https:\/\/noticiasdestaque.com.br\/index.php\/wp-json\/wp\/v2\/posts\/45138\/revisions"}],"wp:featuredmedia":[{"embeddable":true,"href":"https:\/\/noticiasdestaque.com.br\/index.php\/wp-json\/wp\/v2\/media\/45139"}],"wp:attachment":[{"href":"https:\/\/noticiasdestaque.com.br\/index.php\/wp-json\/wp\/v2\/media?parent=45138"}],"wp:term":[{"taxonomy":"category","embeddable":true,"href":"https:\/\/noticiasdestaque.com.br\/index.php\/wp-json\/wp\/v2\/categories?post=45138"},{"taxonomy":"post_tag","embeddable":true,"href":"https:\/\/noticiasdestaque.com.br\/index.php\/wp-json\/wp\/v2\/tags?post=45138"}],"curies":[{"name":"wp","href":"https:\/\/api.w.org\/{rel}","templated":true}]}}