{"id":45136,"date":"2025-08-13T19:10:00","date_gmt":"2025-08-13T22:10:00","guid":{"rendered":"https:\/\/noticiasdestaque.com.br\/index.php\/2025\/08\/13\/previsao-do-tempo-chuva-se-espalha-por-toda-a-regiao-norte-nesta-quinta-feira-14\/"},"modified":"2025-08-13T19:10:00","modified_gmt":"2025-08-13T22:10:00","slug":"previsao-do-tempo-chuva-se-espalha-por-toda-a-regiao-norte-nesta-quinta-feira-14","status":"publish","type":"post","link":"https:\/\/noticiasdestaque.com.br\/index.php\/2025\/08\/13\/previsao-do-tempo-chuva-se-espalha-por-toda-a-regiao-norte-nesta-quinta-feira-14\/","title":{"rendered":"PREVIS\u00c3O DO TEMPO: Chuva se espalha por toda a Regi\u00e3o Norte nesta quinta-feira (14)"},"content":{"rendered":"<p>\t\t\t\t\t\t\t\t\t\t<audio controls class=\"b61_audio_player\" data-noticia=\"83990\" src=\"https:\/\/brasil61.com\/rails\/active_storage\/blobs\/eyJfcmFpbHMiOnsibWVzc2FnZSI6IkJBaHBBM2FJQXc9PSIsImV4cCI6bnVsbCwicHVyIjoiYmxvYl9pZCJ9fQ==--b3ba9d80346235dfac6d3bcd2e7c557223fa9a07\/PTRN254519A\"><\/audio><\/p>\n<p>Na quinta-feira (14), a instabilidade se espalha por boa parte da Regi\u00e3o Norte do Brasil, com previs\u00e3o de chuva no<strong> Acre, Amazonas, Rond\u00f4nia, Amap\u00e1 e Par\u00e1<\/strong>. A combina\u00e7\u00e3o de calor e alta umidade favorece a forma\u00e7\u00e3o de nuvens carregadas e pancadas de chuva em v\u00e1rios momentos do dia.<\/p>\n<p>No <strong>Acre<\/strong>, o c\u00e9u fica nublado a encoberto, com chuva ocorrendo desde a manh\u00e3 em algumas \u00e1reas e se intensificando entre a tarde e a noite, acompanhada de trovoadas isoladas.<\/p>\n<p>No <strong>Amazonas<\/strong>, as pancadas de chuva atingem todas as regi\u00f5es, incluindo a capital e \u00e1reas do interior, podendo ser localmente fortes e acompanhadas de rajadas de vento.<\/p>\n<p>Em <strong>Rond\u00f4nia<\/strong>, a instabilidade se espalha por todo o estado, com chuvas que variam de moderadas a fortes, especialmente no per\u00edodo da tarde, e risco de descargas el\u00e9tricas.<\/p>\n<p>No <strong>Amap\u00e1<\/strong>, o tempo permanece nublado, com chuva frequente ao longo do dia e possibilidade de acumulados elevados em algumas localidades.<\/p>\n<p>No <strong>Par\u00e1<\/strong>, as precipita\u00e7\u00f5es se espalham por todas as regi\u00f5es, inclusive nas \u00e1reas centrais e sul, com maior intensidade entre a tarde e a noite. O calor segue presente nos intervalos de sol.<\/p>\n<p>Entre as capitais, a temperatura m\u00ednima prevista \u00e9 de 20\u00b0C em <strong>Rio Branco;<\/strong>\u00a0j\u00e1 a m\u00e1xima est\u00e1 prevista para <strong>Porto Velho<\/strong> e <strong>Rio Branco,<\/strong> de 35\u00b0C. A umidade relativa do ar varia entre 30% e 100%.<\/p>\n<p>\nAs informa\u00e7\u00f5es s\u00e3o do Instituto Nacional de Meteorologia (<a href=\"https:\/\/portal.inmet.gov.br\/\" target=\"_blank\">Inmet<\/a>).<br \/>\n\u00a0<\/p>\n<p>\t\t\t\t\t\t\t\t\t<img loading=\"lazy\" decoding=\"async\" src=\"https:\/\/brasil61.com\/api\/v1\/serve_pixel\/17677\/83990\" alt=\"Pixel Brasil 61\" class=\"b61_pixel\" width=\"0\" height=\"0\"><\/p>\n<input type=\"hidden\" id=\"baseurl\" value=\"https:\/\/noticiasdestaque.com.br\"><input type=\"hidden\" id=\"audio_nonce\" value=\"c9f06e19e6\">","protected":false},"excerpt":{"rendered":"<p>Instabilidade favorece pancadas de chuva e trovoadas no AC, AM, RO, AP e PA, enquanto o calor permanece nos intervalos de sol, segundo o Inmet<\/p>\n","protected":false},"author":1,"featured_media":45137,"comment_status":"open","ping_status":"open","sticky":false,"template":"","format":"standard","meta":{"fifu_image_url":"","fifu_image_alt":"","footnotes":""},"categories":[58],"tags":[],"class_list":["post-45136","post","type-post","status-publish","format-standard","has-post-thumbnail","hentry","category-cotidiano"],"distributor_meta":false,"distributor_terms":false,"distributor_media":false,"distributor_original_site_name":"Noticias em Destaque","distributor_original_site_url":"https:\/\/noticiasdestaque.com.br","push-errors":false,"_links":{"self":[{"href":"https:\/\/noticiasdestaque.com.br\/index.php\/wp-json\/wp\/v2\/posts\/45136","targetHints":{"allow":["GET"]}}],"collection":[{"href":"https:\/\/noticiasdestaque.com.br\/index.php\/wp-json\/wp\/v2\/posts"}],"about":[{"href":"https:\/\/noticiasdestaque.com.br\/index.php\/wp-json\/wp\/v2\/types\/post"}],"author":[{"embeddable":true,"href":"https:\/\/noticiasdestaque.com.br\/index.php\/wp-json\/wp\/v2\/users\/1"}],"replies":[{"embeddable":true,"href":"https:\/\/noticiasdestaque.com.br\/index.php\/wp-json\/wp\/v2\/comments?post=45136"}],"version-history":[{"count":0,"href":"https:\/\/noticiasdestaque.com.br\/index.php\/wp-json\/wp\/v2\/posts\/45136\/revisions"}],"wp:featuredmedia":[{"embeddable":true,"href":"https:\/\/noticiasdestaque.com.br\/index.php\/wp-json\/wp\/v2\/media\/45137"}],"wp:attachment":[{"href":"https:\/\/noticiasdestaque.com.br\/index.php\/wp-json\/wp\/v2\/media?parent=45136"}],"wp:term":[{"taxonomy":"category","embeddable":true,"href":"https:\/\/noticiasdestaque.com.br\/index.php\/wp-json\/wp\/v2\/categories?post=45136"},{"taxonomy":"post_tag","embeddable":true,"href":"https:\/\/noticiasdestaque.com.br\/index.php\/wp-json\/wp\/v2\/tags?post=45136"}],"curies":[{"name":"wp","href":"https:\/\/api.w.org\/{rel}","templated":true}]}}