{"id":45134,"date":"2025-08-13T19:00:00","date_gmt":"2025-08-13T22:00:00","guid":{"rendered":"https:\/\/noticiasdestaque.com.br\/index.php\/2025\/08\/13\/previsao-do-tempo-chuva-se-espalha-pelo-litoral-do-nordeste-e-por-todo-o-maranhao-nesta-quinta-feira-14\/"},"modified":"2025-08-13T19:00:00","modified_gmt":"2025-08-13T22:00:00","slug":"previsao-do-tempo-chuva-se-espalha-pelo-litoral-do-nordeste-e-por-todo-o-maranhao-nesta-quinta-feira-14","status":"publish","type":"post","link":"https:\/\/noticiasdestaque.com.br\/index.php\/2025\/08\/13\/previsao-do-tempo-chuva-se-espalha-pelo-litoral-do-nordeste-e-por-todo-o-maranhao-nesta-quinta-feira-14\/","title":{"rendered":"PREVIS\u00c3O DO TEMPO: Chuva se espalha pelo litoral do Nordeste e por todo o Maranh\u00e3o nesta quinta-feira (14)"},"content":{"rendered":"<p>\t\t\t\t\t\t\t\t\t\t<audio controls class=\"b61_audio_player\" data-noticia=\"83988\" src=\"https:\/\/brasil61.com\/rails\/active_storage\/blobs\/eyJfcmFpbHMiOnsibWVzc2FnZSI6IkJBaHBBM21JQXc9PSIsImV4cCI6bnVsbCwicHVyIjoiYmxvYl9pZCJ9fQ==--6bab47afdca86c3f4de623a89282fa2935757a4c\/PTND254767A\"><\/audio><\/p>\n<p>Na quinta-feira (14), o tempo muda em parte da Regi\u00e3o Nordeste, com a chegada de \u00e1reas de instabilidade que favorecem a forma\u00e7\u00e3o de nuvens carregadas e chuva em praticamente todo o litoral, al\u00e9m de precipita\u00e7\u00f5es abrangentes no <strong>Maranh\u00e3o<\/strong>.<\/p>\n<p>Desde o litoral do <strong>Maranh\u00e3o <\/strong>at\u00e9 o sul da <strong>Bahia<\/strong>, o dia ser\u00e1 de c\u00e9u nublado a encoberto, com chuva em v\u00e1rios momentos, podendo ser de moderada a forte em alguns trechos, especialmente entre o litoral do <strong>Piau\u00ed, Cear\u00e1 e Rio Grande do Norte<\/strong>. No <strong>Maranh\u00e3o<\/strong>, a instabilidade atinge tamb\u00e9m o interior, com precipita\u00e7\u00f5es ao longo do dia e per\u00edodos de chuva mais intensa em \u00e1reas isoladas.<\/p>\n<p>No <strong>Cear\u00e1 <\/strong>e no <strong>Piau\u00ed<\/strong>, o litoral registra chuva frequente, enquanto no interior o tempo segue firme e seco, com sol predominante e baixa umidade relativa do ar durante a tarde.<\/p>\n<p>No sert\u00e3o nordestino, no interior da <strong>Bahia <\/strong>e nas demais \u00e1reas afastadas da costa, o cen\u00e1rio permanece de calor intenso e ar seco. J\u00e1 nas regi\u00f5es litor\u00e2neas, as chuvas ajudam a aliviar as temperaturas, embora o calor ainda predomine entre os intervalos de nebulosidade.<\/p>\n<p>Entre as capitais, a temperatura m\u00ednima prevista \u00e9 de 21\u00b0C, em <strong>Jo\u00e3o Pessoa<\/strong>. J\u00e1 a m\u00e1xima pode alcan\u00e7ar os 35\u202f\u00b0C, em <strong>Teresina<\/strong>. A umidade relativa do ar varia entre 40% e 100%, com os \u00edndices mais baixos concentrados no interior da regi\u00e3o.<\/p>\n<p>\nAs informa\u00e7\u00f5es s\u00e3o do Instituto Nacional de Meteorologia (<a href=\"https:\/\/portal.inmet.gov.br\/\" target=\"_blank\">Inmet<\/a>).<br \/>\n\u00a0<\/p>\n<p>\t\t\t\t\t\t\t\t\t<img loading=\"lazy\" decoding=\"async\" src=\"https:\/\/brasil61.com\/api\/v1\/serve_pixel\/17677\/83988\" alt=\"Pixel Brasil 61\" class=\"b61_pixel\" width=\"0\" height=\"0\"><\/p>\n<input type=\"hidden\" id=\"baseurl\" value=\"https:\/\/noticiasdestaque.com.br\"><input type=\"hidden\" id=\"audio_nonce\" value=\"c9f06e19e6\">","protected":false},"excerpt":{"rendered":"<p>\u00c1reas de instabilidade provocam precipita\u00e7\u00f5es frequentes, enquanto interior mant\u00e9m calor e ar seco, segundo o Inmet<\/p>\n","protected":false},"author":1,"featured_media":45135,"comment_status":"open","ping_status":"open","sticky":false,"template":"","format":"standard","meta":{"fifu_image_url":"","fifu_image_alt":"","footnotes":""},"categories":[58],"tags":[],"class_list":["post-45134","post","type-post","status-publish","format-standard","has-post-thumbnail","hentry","category-cotidiano"],"distributor_meta":false,"distributor_terms":false,"distributor_media":false,"distributor_original_site_name":"Noticias em Destaque","distributor_original_site_url":"https:\/\/noticiasdestaque.com.br","push-errors":false,"_links":{"self":[{"href":"https:\/\/noticiasdestaque.com.br\/index.php\/wp-json\/wp\/v2\/posts\/45134","targetHints":{"allow":["GET"]}}],"collection":[{"href":"https:\/\/noticiasdestaque.com.br\/index.php\/wp-json\/wp\/v2\/posts"}],"about":[{"href":"https:\/\/noticiasdestaque.com.br\/index.php\/wp-json\/wp\/v2\/types\/post"}],"author":[{"embeddable":true,"href":"https:\/\/noticiasdestaque.com.br\/index.php\/wp-json\/wp\/v2\/users\/1"}],"replies":[{"embeddable":true,"href":"https:\/\/noticiasdestaque.com.br\/index.php\/wp-json\/wp\/v2\/comments?post=45134"}],"version-history":[{"count":0,"href":"https:\/\/noticiasdestaque.com.br\/index.php\/wp-json\/wp\/v2\/posts\/45134\/revisions"}],"wp:featuredmedia":[{"embeddable":true,"href":"https:\/\/noticiasdestaque.com.br\/index.php\/wp-json\/wp\/v2\/media\/45135"}],"wp:attachment":[{"href":"https:\/\/noticiasdestaque.com.br\/index.php\/wp-json\/wp\/v2\/media?parent=45134"}],"wp:term":[{"taxonomy":"category","embeddable":true,"href":"https:\/\/noticiasdestaque.com.br\/index.php\/wp-json\/wp\/v2\/categories?post=45134"},{"taxonomy":"post_tag","embeddable":true,"href":"https:\/\/noticiasdestaque.com.br\/index.php\/wp-json\/wp\/v2\/tags?post=45134"}],"curies":[{"name":"wp","href":"https:\/\/api.w.org\/{rel}","templated":true}]}}