{"id":45096,"date":"2025-08-12T03:00:00","date_gmt":"2025-08-12T06:00:00","guid":{"rendered":"https:\/\/noticiasdestaque.com.br\/index.php\/2025\/08\/12\/tarifa-de-50-dos-eua-poe-agronegocio-fruticola-em-alerta\/"},"modified":"2025-08-12T03:00:00","modified_gmt":"2025-08-12T06:00:00","slug":"tarifa-de-50-dos-eua-poe-agronegocio-fruticola-em-alerta","status":"publish","type":"post","link":"https:\/\/noticiasdestaque.com.br\/index.php\/2025\/08\/12\/tarifa-de-50-dos-eua-poe-agronegocio-fruticola-em-alerta\/","title":{"rendered":"Tarifa de 50% dos EUA p\u00f5e agroneg\u00f3cio frut\u00edcola em alerta"},"content":{"rendered":"<p>\t\t\t\t\t\t\t\t\t\t<audio controls class=\"b61_audio_player\" data-noticia=\"83944\" src=\"https:\/\/brasil61.com\/rails\/active_storage\/blobs\/eyJfcmFpbHMiOnsibWVzc2FnZSI6IkJBaHBBNFdHQXc9PSIsImV4cCI6bnVsbCwicHVyIjoiYmxvYl9pZCJ9fQ==--e6ae2ca4b51c40234caf0914342f1a353d322665\/BRAS2514497A\"><\/audio><\/p>\n<p><!--StartFragment --><\/p>\n<p>A Bahia \u00e9 respons\u00e1vel por 83% das exporta\u00e7\u00f5es brasileiras de manga. Pernambuco lidera nas vendas externas de uva, com 77% de participa\u00e7\u00e3o, enquanto o Esp\u00edrito Santo domina o mercado do mam\u00e3o, respondendo por 99% das exporta\u00e7\u00f5es. No Nordeste, o Cear\u00e1 concentra 54% da melancia e 78% do mel\u00e3o exportados pelo pa\u00eds. J\u00e1 no segmento de cacau, a lideran\u00e7a tamb\u00e9m \u00e9 baiana, com 74% das exporta\u00e7\u00f5es, seguida por S\u00e3o Paulo e Minas Gerais. Esses estados est\u00e3o entre os mais expostos \u00e0 tarifa de 50% imposta recentemente pelos Estados Unidos.<\/p>\n<p>Os dados foram apresentados na reuni\u00e3o extraordin\u00e1ria da Comiss\u00e3o Nacional de Fruticultura, promovida pela Confedera\u00e7\u00e3o da Agricultura e Pecu\u00e1ria do Brasil (CNA) para avaliar os impactos do chamado \u201ctarifa\u00e7o\u201d americano. Durante o encontro, o diretor t\u00e9cnico adjunto, Maciel Silva, ressaltou a necessidade de refor\u00e7ar a defesa do agroneg\u00f3cio brasileiro diante da Se\u00e7\u00e3o 301 da Lei de Com\u00e9rcio de 1974. Ele tamb\u00e9m enfatizou a import\u00e2ncia do mapeamento das frutas e regi\u00f5es afetadas \u2014 um instrumento estrat\u00e9gico para negocia\u00e7\u00f5es com as c\u00e2maras de com\u00e9rcio.<\/p>\n<h2>Sobreoferta<\/h2>\n<p dir=\"ltr\" style=\"text-align: justify\"><strong><!--EndFragment --><\/strong>O economista-chefe da An\u00e1lise Econ\u00f4mica, de S\u00e3o Paulo, Andr\u00e9 Galhardo, alerta para a din\u00e2mica interna do mercado: \u201cAlguns produtos cujo remanejamento das exporta\u00e7\u00f5es \u00e9 mais dif\u00edcil, por quest\u00f5es sanit\u00e1rias ou log\u00edsticas \u2014 como frutas \u2014 podem apresentar uma sobreoferta no mercado interno. Se n\u00e3o exportarmos mais ou reduzirmos significativamente o volume enviado aos Estados Unidos, dificilmente encontraremos outro mercado disposto a comprar esse excedente em tempo h\u00e1bil, antes que esses produtos estraguem\u201d<\/p>\n<p dir=\"ltr\" style=\"text-align: justify\">O <strong>\u201ctarifa\u00e7o\u201d<\/strong> refere-se ao conjunto de tarifas extras anunciadas pelo governo norte-americano, que elevaram os encargos sobre produtos brasileiros em at\u00e9 50% dependendo do caso.\u00a0<\/p>\n<p>\t\t\t\t\t\t\t\t\t<img loading=\"lazy\" decoding=\"async\" src=\"https:\/\/brasil61.com\/api\/v1\/serve_pixel\/17677\/83944\" alt=\"Pixel Brasil 61\" class=\"b61_pixel\" width=\"0\" height=\"0\"><\/p>\n<input type=\"hidden\" id=\"baseurl\" value=\"https:\/\/noticiasdestaque.com.br\"><input type=\"hidden\" id=\"audio_nonce\" value=\"6f73a554f1\">","protected":false},"excerpt":{"rendered":"<p>CNA mapeia regi\u00f5es mais vulner\u00e1veis e economista prev\u00ea risco de perda de mercado e desperd\u00edcio de produtos perec\u00edveis.<\/p>\n","protected":false},"author":1,"featured_media":45097,"comment_status":"open","ping_status":"open","sticky":false,"template":"","format":"standard","meta":{"fifu_image_url":"","fifu_image_alt":"","footnotes":""},"categories":[59],"tags":[],"class_list":["post-45096","post","type-post","status-publish","format-standard","has-post-thumbnail","hentry","category-economia"],"distributor_meta":false,"distributor_terms":false,"distributor_media":false,"distributor_original_site_name":"Noticias em Destaque","distributor_original_site_url":"https:\/\/noticiasdestaque.com.br","push-errors":false,"_links":{"self":[{"href":"https:\/\/noticiasdestaque.com.br\/index.php\/wp-json\/wp\/v2\/posts\/45096","targetHints":{"allow":["GET"]}}],"collection":[{"href":"https:\/\/noticiasdestaque.com.br\/index.php\/wp-json\/wp\/v2\/posts"}],"about":[{"href":"https:\/\/noticiasdestaque.com.br\/index.php\/wp-json\/wp\/v2\/types\/post"}],"author":[{"embeddable":true,"href":"https:\/\/noticiasdestaque.com.br\/index.php\/wp-json\/wp\/v2\/users\/1"}],"replies":[{"embeddable":true,"href":"https:\/\/noticiasdestaque.com.br\/index.php\/wp-json\/wp\/v2\/comments?post=45096"}],"version-history":[{"count":0,"href":"https:\/\/noticiasdestaque.com.br\/index.php\/wp-json\/wp\/v2\/posts\/45096\/revisions"}],"wp:featuredmedia":[{"embeddable":true,"href":"https:\/\/noticiasdestaque.com.br\/index.php\/wp-json\/wp\/v2\/media\/45097"}],"wp:attachment":[{"href":"https:\/\/noticiasdestaque.com.br\/index.php\/wp-json\/wp\/v2\/media?parent=45096"}],"wp:term":[{"taxonomy":"category","embeddable":true,"href":"https:\/\/noticiasdestaque.com.br\/index.php\/wp-json\/wp\/v2\/categories?post=45096"},{"taxonomy":"post_tag","embeddable":true,"href":"https:\/\/noticiasdestaque.com.br\/index.php\/wp-json\/wp\/v2\/tags?post=45096"}],"curies":[{"name":"wp","href":"https:\/\/api.w.org\/{rel}","templated":true}]}}