{"id":45094,"date":"2025-08-12T03:00:00","date_gmt":"2025-08-12T06:00:00","guid":{"rendered":"https:\/\/noticiasdestaque.com.br\/index.php\/2025\/08\/12\/falta-de-saneamento-basico-leva-mais-de-80-mil-idosos-a-internacao-de-no-brasil\/"},"modified":"2025-08-12T03:00:00","modified_gmt":"2025-08-12T06:00:00","slug":"falta-de-saneamento-basico-leva-mais-de-80-mil-idosos-a-internacao-de-no-brasil","status":"publish","type":"post","link":"https:\/\/noticiasdestaque.com.br\/index.php\/2025\/08\/12\/falta-de-saneamento-basico-leva-mais-de-80-mil-idosos-a-internacao-de-no-brasil\/","title":{"rendered":"Falta de saneamento b\u00e1sico leva mais de 80 mil idosos \u00e0 interna\u00e7\u00e3o de no Brasil"},"content":{"rendered":"<p>\t\t\t\t\t\t\t\t\t\t<audio controls class=\"b61_audio_player\" data-noticia=\"83943\" src=\"https:\/\/brasil61.com\/rails\/active_storage\/blobs\/eyJfcmFpbHMiOnsibWVzc2FnZSI6IkJBaHBBM1dHQXc9PSIsImV4cCI6bnVsbCwicHVyIjoiYmxvYl9pZCJ9fQ==--03dfeaa8f78f7e4a24451ca9923435735dc0414b\/BRAS2514496A\"><\/audio><\/p>\n<p><!--StartFragment -->Mais de 80 mil idosos foram internados no Brasil, em 2024, por <a href=\"https:\/\/www.cidadessustentaveis.org.br\/indicador\/3871\/SP\/Campinas\"><strong>Doen\u00e7as Relacionadas ao Saneamento Ambiental Inadequado (DRSAI)<\/strong><\/a>, segundo levantamento do <a href=\"https:\/\/tratabrasil.org.br\/\"><strong>Instituto Trata Brasil (ITB)<\/strong><\/a>, com base em dados do <a href=\"https:\/\/datasus.saude.gov.br\/\"><strong>Departamento de Informa\u00e7\u00e3o e Inform\u00e1tica do Sistema \u00danico de Sa\u00fade (DATASUS)<\/strong><\/a>. O total de interna\u00e7\u00f5es por essas enfermidades chegou a 344 mil no per\u00edodo, com pessoas acima de 60 anos representando 23,5% do n\u00famero.<\/p>\n<p>Os dados tamb\u00e9m mostram que, das 11.554 mortes registradas por DRSAI no ano passado, 8.830 ocorreram entre idosos, o equivalente a 76,4% do total. O estudo aponta que a aus\u00eancia de acesso \u00e0 \u00e1gua tratada e \u00e0 coleta e tratamento de esgoto favorece a transmiss\u00e3o de doen\u00e7as e impacta especialmente os grupos mais vulner\u00e1veis, como crian\u00e7as e idosos.<\/p>\n<p>O levantamento destaca que a universaliza\u00e7\u00e3o do saneamento poderia reduzir casos de contamina\u00e7\u00e3o e \u00f3bitos, garantindo condi\u00e7\u00f5es adequadas de sa\u00fade para a popula\u00e7\u00e3o, incluindo a faixa et\u00e1ria com mais de 60 anos.<\/p>\n<p>Segundo o <a href=\"https:\/\/tratabrasil.org.br\/ranking-do-saneamento-2025\/\"><strong>Ranking do Saneamento 2025<\/strong><\/a>, publicado pelo ITB, em parceria com GO Associados, no Brasil, 16,9% da popula\u00e7\u00e3o ainda n\u00e3o tem acesso \u00e0 \u00e1gua pot\u00e1vel e 44,8% n\u00e3o contam com coleta de esgoto. A publica\u00e7\u00e3o mostra como essa car\u00eancia afeta a sa\u00fade, reduz a produtividade no trabalho, desvaloriza im\u00f3veis, limita o turismo e compromete a qualidade de vida, com efeitos diretos no desenvolvimento socioecon\u00f4mico do pa\u00eds.<\/p>\n<p><!--EndFragment --><\/p>\n<p>\t\t\t\t\t\t\t\t\t<img loading=\"lazy\" decoding=\"async\" src=\"https:\/\/brasil61.com\/api\/v1\/serve_pixel\/17677\/83943\" alt=\"Pixel Brasil 61\" class=\"b61_pixel\" width=\"0\" height=\"0\"><\/p>\n<input type=\"hidden\" id=\"baseurl\" value=\"https:\/\/noticiasdestaque.com.br\"><input type=\"hidden\" id=\"audio_nonce\" value=\"6f73a554f1\">","protected":false},"excerpt":{"rendered":"<p>Levantamento do Instituto Trata Brasil mostra que pessoas com mais de 60 anos responderam por 23,5% das hospitaliza\u00e7\u00f5es por doen\u00e7as relacionadas ao saneamento ambiental inadequado<\/p>\n","protected":false},"author":1,"featured_media":45095,"comment_status":"open","ping_status":"open","sticky":false,"template":"","format":"standard","meta":{"fifu_image_url":"","fifu_image_alt":"","footnotes":""},"categories":[51],"tags":[],"class_list":["post-45094","post","type-post","status-publish","format-standard","has-post-thumbnail","hentry","category-saude"],"distributor_meta":false,"distributor_terms":false,"distributor_media":false,"distributor_original_site_name":"Noticias em Destaque","distributor_original_site_url":"https:\/\/noticiasdestaque.com.br","push-errors":false,"_links":{"self":[{"href":"https:\/\/noticiasdestaque.com.br\/index.php\/wp-json\/wp\/v2\/posts\/45094","targetHints":{"allow":["GET"]}}],"collection":[{"href":"https:\/\/noticiasdestaque.com.br\/index.php\/wp-json\/wp\/v2\/posts"}],"about":[{"href":"https:\/\/noticiasdestaque.com.br\/index.php\/wp-json\/wp\/v2\/types\/post"}],"author":[{"embeddable":true,"href":"https:\/\/noticiasdestaque.com.br\/index.php\/wp-json\/wp\/v2\/users\/1"}],"replies":[{"embeddable":true,"href":"https:\/\/noticiasdestaque.com.br\/index.php\/wp-json\/wp\/v2\/comments?post=45094"}],"version-history":[{"count":0,"href":"https:\/\/noticiasdestaque.com.br\/index.php\/wp-json\/wp\/v2\/posts\/45094\/revisions"}],"wp:featuredmedia":[{"embeddable":true,"href":"https:\/\/noticiasdestaque.com.br\/index.php\/wp-json\/wp\/v2\/media\/45095"}],"wp:attachment":[{"href":"https:\/\/noticiasdestaque.com.br\/index.php\/wp-json\/wp\/v2\/media?parent=45094"}],"wp:term":[{"taxonomy":"category","embeddable":true,"href":"https:\/\/noticiasdestaque.com.br\/index.php\/wp-json\/wp\/v2\/categories?post=45094"},{"taxonomy":"post_tag","embeddable":true,"href":"https:\/\/noticiasdestaque.com.br\/index.php\/wp-json\/wp\/v2\/tags?post=45094"}],"curies":[{"name":"wp","href":"https:\/\/api.w.org\/{rel}","templated":true}]}}