{"id":45076,"date":"2025-08-11T03:00:00","date_gmt":"2025-08-11T06:00:00","guid":{"rendered":"https:\/\/noticiasdestaque.com.br\/index.php\/2025\/08\/11\/faturamento-da-industria-cresce-65-no-semestre-mas-recuo-recente-acende-alerta-da-cni\/"},"modified":"2025-08-11T03:00:00","modified_gmt":"2025-08-11T06:00:00","slug":"faturamento-da-industria-cresce-65-no-semestre-mas-recuo-recente-acende-alerta-da-cni","status":"publish","type":"post","link":"https:\/\/noticiasdestaque.com.br\/index.php\/2025\/08\/11\/faturamento-da-industria-cresce-65-no-semestre-mas-recuo-recente-acende-alerta-da-cni\/","title":{"rendered":"Faturamento da ind\u00fastria cresce 6,5% no semestre, mas recuo recente acende alerta da CNI"},"content":{"rendered":"<p>\t\t\t\t\t\t\t\t\t\t<audio controls class=\"b61_audio_player\" data-noticia=\"83921\" src=\"https:\/\/brasil61.com\/rails\/active_storage\/blobs\/eyJfcmFpbHMiOnsibWVzc2FnZSI6IkJBaHBBL09GQXc9PSIsImV4cCI6bnVsbCwicHVyIjoiYmxvYl9pZCJ9fQ==--4b086be3fb743ed024aa0ec83700adb1e1a1fc34\/PIND254584A\"><\/audio><\/p>\n<p><!--StartFragment -->A <a href=\"https:\/\/www.portaldaindustria.com.br\/cni\/?utm_source=jor&amp;utm_medium=comunique&amp;utm_campaign=release&amp;utm_content=texto-fixo\"><strong>Confedera\u00e7\u00e3o Nacional da Ind\u00fastria (CNI)<\/strong><\/a> alerta que, apesar do crescimento de 6,5% no faturamento no primeiro semestre, em rela\u00e7\u00e3o ao mesmo per\u00edodo do ano passado, o setor industrial j\u00e1 sente uma desacelera\u00e7\u00e3o no segundo trimestre. Segundo os dados dos <a href=\"https:\/\/www.portaldaindustria.com.br\/estatisticas\/indicadores-industriais\/?utm_source=jor&amp;utm_medium=comunique&amp;utm_campaign=release&amp;utm_content=texto-fixo\"><strong>Indicadores Industriais<\/strong><\/a> divulgados na sexta-feira (8), em junho a receita bruta caiu 1,9%, acumulando recuo de 2,6% no segundo trimestre.<\/p>\n<p>A perda de ritmo tamb\u00e9m se reflete no n\u00famero de horas trabalhadas na produ\u00e7\u00e3o, que cresceu 2,7% de janeiro a junho, mas recuou 0,7% em junho, encerrando o segundo trimestre com queda de 1%.<\/p>\n<p>O emprego industrial, que vinha em trajet\u00f3ria de alta, tamb\u00e9m perdeu f\u00f4lego. Depois de cair em abril pela primeira vez em 18 meses, manteve-se est\u00e1vel em maio e junho. No segundo trimestre, houve leve retra\u00e7\u00e3o de 0,1%, mas no acumulado do semestre o n\u00famero de postos aumentou 2,4% na compara\u00e7\u00e3o anual.<\/p>\n<p>\u201cAs expectativas para esse segundo semestre de 2025 s\u00e3o permeadas por alguns desafios para a ind\u00fastria de transforma\u00e7\u00e3o. Tanto no mercado internacional, que tem sido permeado por um ambiente de bastante incerteza, quanto por outros problemas que j\u00e1 v\u00eam de longa data, sejam eles relacionados \u00e0 elevada carga tribut\u00e1ria, ao ambiente de juros elevados, \u00e0 demanda interna insuficiente e \u00e0 falta ou alto custo da m\u00e3o de obra especializada\u201d, avalia a especialista em Pol\u00edticas e Ind\u00fastria da CNI, Larissa Nocko.<\/p>\n<p>De acordo com a especialista, indicadores como faturamento e horas trabalhadas mostram perda de dinamismo tanto na passagem de maio para junho quanto do primeiro para o segundo trimestre. \u201cNo per\u00edodo mais recente, esse comportamento tem sido de perda de dinamismo, de um crescimento mais fraco, em alguns indicadores, inclusive, de queda. \u00c9 poss\u00edvel dizer que o aumento das tarifas contribuiu para a eleva\u00e7\u00e3o da incerteza do ambiente de neg\u00f3cios internacional. No entanto, isso n\u00e3o \u00e9 um fator isolado. Existem outros fatores que seguem como desafios \u00e0 produ\u00e7\u00e3o\u201d, afirma.<\/p>\n<h2>Cen\u00e1rio da ind\u00fastria: UCI e sal\u00e1rios<\/h2>\n<p>A Utiliza\u00e7\u00e3o da Capacidade Instalada (UCI) da ind\u00fastria ficou praticamente est\u00e1vel entre maio e junho, passando de 78,7% para 78,8%. No segundo trimestre, houve queda de 0,1 ponto percentual em rela\u00e7\u00e3o aos tr\u00eas primeiros meses do ano. No acumulado do semestre, a UCI recuou 0,8 ponto percentual frente a 2024.<\/p>\n<p>Em rela\u00e7\u00e3o \u00e0 renda, em junho, houve um aumento de 1,3% no quadro salarial, acumulando alta de 1,2% no trimestre. O rendimento m\u00e9dio real dos trabalhadores cresceu 1,2% no m\u00eas e 1,7% no segundo trimestre, reflexo de um mercado de trabalho ainda aquecido.<\/p>\n<p><!--EndFragment --><\/p>\n<p>\t\t\t\t\t\t\t\t\t<img loading=\"lazy\" decoding=\"async\" src=\"https:\/\/brasil61.com\/api\/v1\/serve_pixel\/17677\/83921\" alt=\"Pixel Brasil 61\" class=\"b61_pixel\" width=\"0\" height=\"0\"><\/p>\n<input type=\"hidden\" id=\"baseurl\" value=\"https:\/\/noticiasdestaque.com.br\"><input type=\"hidden\" id=\"audio_nonce\" value=\"6f73a554f1\">","protected":false},"excerpt":{"rendered":"<p>Em junho, o setor registrou queda de 1,9% na receita bruta. Horas trabalhadas e emprego tamb\u00e9m perderam f\u00f4lego<\/p>\n","protected":false},"author":1,"featured_media":45077,"comment_status":"open","ping_status":"open","sticky":false,"template":"","format":"standard","meta":{"fifu_image_url":"","fifu_image_alt":"","footnotes":""},"categories":[59],"tags":[],"class_list":["post-45076","post","type-post","status-publish","format-standard","has-post-thumbnail","hentry","category-economia"],"distributor_meta":false,"distributor_terms":false,"distributor_media":false,"distributor_original_site_name":"Noticias em Destaque","distributor_original_site_url":"https:\/\/noticiasdestaque.com.br","push-errors":false,"_links":{"self":[{"href":"https:\/\/noticiasdestaque.com.br\/index.php\/wp-json\/wp\/v2\/posts\/45076","targetHints":{"allow":["GET"]}}],"collection":[{"href":"https:\/\/noticiasdestaque.com.br\/index.php\/wp-json\/wp\/v2\/posts"}],"about":[{"href":"https:\/\/noticiasdestaque.com.br\/index.php\/wp-json\/wp\/v2\/types\/post"}],"author":[{"embeddable":true,"href":"https:\/\/noticiasdestaque.com.br\/index.php\/wp-json\/wp\/v2\/users\/1"}],"replies":[{"embeddable":true,"href":"https:\/\/noticiasdestaque.com.br\/index.php\/wp-json\/wp\/v2\/comments?post=45076"}],"version-history":[{"count":0,"href":"https:\/\/noticiasdestaque.com.br\/index.php\/wp-json\/wp\/v2\/posts\/45076\/revisions"}],"wp:featuredmedia":[{"embeddable":true,"href":"https:\/\/noticiasdestaque.com.br\/index.php\/wp-json\/wp\/v2\/media\/45077"}],"wp:attachment":[{"href":"https:\/\/noticiasdestaque.com.br\/index.php\/wp-json\/wp\/v2\/media?parent=45076"}],"wp:term":[{"taxonomy":"category","embeddable":true,"href":"https:\/\/noticiasdestaque.com.br\/index.php\/wp-json\/wp\/v2\/categories?post=45076"},{"taxonomy":"post_tag","embeddable":true,"href":"https:\/\/noticiasdestaque.com.br\/index.php\/wp-json\/wp\/v2\/tags?post=45076"}],"curies":[{"name":"wp","href":"https:\/\/api.w.org\/{rel}","templated":true}]}}