{"id":45070,"date":"2025-08-11T00:00:00","date_gmt":"2025-08-11T03:00:00","guid":{"rendered":"https:\/\/noticiasdestaque.com.br\/index.php\/2025\/08\/11\/congresso-inicia-semana-com-debates-sobre-anistia-reforma-administrativa-e-tarifaco\/"},"modified":"2025-08-11T00:00:00","modified_gmt":"2025-08-11T03:00:00","slug":"congresso-inicia-semana-com-debates-sobre-anistia-reforma-administrativa-e-tarifaco","status":"publish","type":"post","link":"https:\/\/noticiasdestaque.com.br\/index.php\/2025\/08\/11\/congresso-inicia-semana-com-debates-sobre-anistia-reforma-administrativa-e-tarifaco\/","title":{"rendered":"Congresso inicia semana com debates sobre anistia, reforma administrativa e tarifa\u00e7o"},"content":{"rendered":"<p>\t\t\t\t\t\t\t\t\t\t<audio controls class=\"b61_audio_player\" data-noticia=\"83889\" src=\"https:\/\/brasil61.com\/rails\/active_storage\/blobs\/eyJfcmFpbHMiOnsibWVzc2FnZSI6IkJBaHBBOUdGQXc9PSIsImV4cCI6bnVsbCwicHVyIjoiYmxvYl9pZCJ9fQ==--e82b284e8dab21ddaaf15990a19d873cd57de4fd\/BRAS2514481A\"><\/audio><\/p>\n<p>O <strong>Congresso Nacional retoma os trabalhos nesta segunda-feira (11) <\/strong>com uma pauta marcada por temas de<strong> alto impacto pol\u00edtico e econ\u00f4mico. <\/strong>Entre os assuntos previstos para a semana est\u00e3o a <strong>proposta de anistia aos acusados de tentativa de golpe de Estado, a reforma administrativa, a PEC da Seguran\u00e7a P\u00fablica, a escolha de presidentes de ag\u00eancias reguladoras e a crise gerada pelo \u201ctarifa\u00e7o\u201d imposto pelos Estados Unidos sobre produtos brasileiros.<\/strong><\/p>\n<p>Na C\u00e2mara, o presidente Hugo Motta (Republicanos-PB) reafirmou que a defini\u00e7\u00e3o da pauta continuar\u00e1 sob responsabilidade do Col\u00e9gio de L\u00edderes, sem imposi\u00e7\u00f5es. A vota\u00e7\u00e3o da <strong>anistia<\/strong> s\u00f3 deve avan\u00e7ar se houver acordo entre as lideran\u00e7as. Outro tema em debate \u00e9 a PEC que prev\u00ea o<strong> fim do foro privilegiado<\/strong> para deputados federais, que enfrenta resist\u00eancias e incertezas sobre apoio suficiente para aprova\u00e7\u00e3o.<\/p>\n<p>No Senado, a aten\u00e7\u00e3o se volta para as sabatinas e vota\u00e7\u00f5es de <strong>indica\u00e7\u00f5es para cargos estrat\u00e9gicos em ag\u00eancias reguladoras<\/strong> como ANS, Anvisa, ANP, Aneel e ANM. Apesar da instabilidade provocada por a\u00e7\u00f5es da oposi\u00e7\u00e3o, as comiss\u00f5es mant\u00eam a previs\u00e3o de avan\u00e7ar com as an\u00e1lises. Tamb\u00e9m est\u00e1 na pauta a PEC 66\/2023, que retira precat\u00f3rios do teto de gastos, e a atualiza\u00e7\u00e3o da tabela do Imposto de Renda para dois sal\u00e1rios m\u00ednimos, que precisa ser aprovada at\u00e9 o dia 11 para n\u00e3o perder validade.<\/p>\n<p>A <strong>reforma administrativa<\/strong> volta ao centro das discuss\u00f5es com a realiza\u00e7\u00e3o, nos dias 15 e 16, de um semin\u00e1rio nacional organizado por entidades de servidores p\u00fablicos. O encontro deve intensificar a press\u00e3o contra a proposta, que, segundo sindicatos, amea\u00e7a direitos e amplia a precariza\u00e7\u00e3o do servi\u00e7o p\u00fablico. No Congresso, o governo tamb\u00e9m tenta articular avan\u00e7os em temas como o combate a supersal\u00e1rios e a reforma da previd\u00eancia dos militares.<\/p>\n<p>Na \u00e1rea econ\u00f4mica, o \u201c<strong>tarifa\u00e7o<\/strong>\u201d norte-americano de 50% sobre cerca de 3,8 mil produtos brasileiros ser\u00e1 discutido por uma comiss\u00e3o tempor\u00e1ria de senadores. O grupo busca reverter ou minimizar os impactos da medida, que afeta setores estrat\u00e9gicos das exporta\u00e7\u00f5es nacionais. Embora alguns itens tenham sido retirados da lista, o impasse continua e deve pautar negocia\u00e7\u00f5es bilaterais nas pr\u00f3ximas semanas.<\/p>\n<p>Com o <strong>calend\u00e1rio eleitoral <\/strong>cada vez mais pr\u00f3ximo, l\u00edderes avaliam que o avan\u00e7o das pautas depender\u00e1 da capacidade de articula\u00e7\u00e3o do governo e de concess\u00f5es \u00e0s bancadas. O clima \u00e9 de disputa intensa, com a agenda legislativa sujeita a bloqueios e manobras pol\u00edticas que podem alterar o rumo das vota\u00e7\u00f5es.<br \/>\n\u00a0<\/p>\n<p>\t\t\t\t\t\t\t\t\t<img loading=\"lazy\" decoding=\"async\" src=\"https:\/\/brasil61.com\/api\/v1\/serve_pixel\/17677\/83889\" alt=\"Pixel Brasil 61\" class=\"b61_pixel\" width=\"0\" height=\"0\"><\/p>\n<input type=\"hidden\" id=\"baseurl\" value=\"https:\/\/noticiasdestaque.com.br\"><input type=\"hidden\" id=\"audio_nonce\" value=\"6a24ca502e\">","protected":false},"excerpt":{"rendered":"<p> L\u00edderes partid\u00e1rios devem definir prioridades em meio a impasses pol\u00edticos e econ\u00f4micos<\/p>\n","protected":false},"author":1,"featured_media":45071,"comment_status":"open","ping_status":"open","sticky":false,"template":"","format":"standard","meta":{"fifu_image_url":"","fifu_image_alt":"","footnotes":""},"categories":[50],"tags":[],"class_list":["post-45070","post","type-post","status-publish","format-standard","has-post-thumbnail","hentry","category-politica"],"distributor_meta":false,"distributor_terms":false,"distributor_media":false,"distributor_original_site_name":"Noticias em Destaque","distributor_original_site_url":"https:\/\/noticiasdestaque.com.br","push-errors":false,"_links":{"self":[{"href":"https:\/\/noticiasdestaque.com.br\/index.php\/wp-json\/wp\/v2\/posts\/45070","targetHints":{"allow":["GET"]}}],"collection":[{"href":"https:\/\/noticiasdestaque.com.br\/index.php\/wp-json\/wp\/v2\/posts"}],"about":[{"href":"https:\/\/noticiasdestaque.com.br\/index.php\/wp-json\/wp\/v2\/types\/post"}],"author":[{"embeddable":true,"href":"https:\/\/noticiasdestaque.com.br\/index.php\/wp-json\/wp\/v2\/users\/1"}],"replies":[{"embeddable":true,"href":"https:\/\/noticiasdestaque.com.br\/index.php\/wp-json\/wp\/v2\/comments?post=45070"}],"version-history":[{"count":0,"href":"https:\/\/noticiasdestaque.com.br\/index.php\/wp-json\/wp\/v2\/posts\/45070\/revisions"}],"wp:featuredmedia":[{"embeddable":true,"href":"https:\/\/noticiasdestaque.com.br\/index.php\/wp-json\/wp\/v2\/media\/45071"}],"wp:attachment":[{"href":"https:\/\/noticiasdestaque.com.br\/index.php\/wp-json\/wp\/v2\/media?parent=45070"}],"wp:term":[{"taxonomy":"category","embeddable":true,"href":"https:\/\/noticiasdestaque.com.br\/index.php\/wp-json\/wp\/v2\/categories?post=45070"},{"taxonomy":"post_tag","embeddable":true,"href":"https:\/\/noticiasdestaque.com.br\/index.php\/wp-json\/wp\/v2\/tags?post=45070"}],"curies":[{"name":"wp","href":"https:\/\/api.w.org\/{rel}","templated":true}]}}