{"id":45062,"date":"2025-08-10T18:20:00","date_gmt":"2025-08-10T21:20:00","guid":{"rendered":"https:\/\/noticiasdestaque.com.br\/index.php\/2025\/08\/10\/previsao-do-tempo-variacao-entre-muitas-e-poucas-nuvens-predomina-no-sudeste-nesta-segunda-feira-11\/"},"modified":"2025-08-10T18:20:00","modified_gmt":"2025-08-10T21:20:00","slug":"previsao-do-tempo-variacao-entre-muitas-e-poucas-nuvens-predomina-no-sudeste-nesta-segunda-feira-11","status":"publish","type":"post","link":"https:\/\/noticiasdestaque.com.br\/index.php\/2025\/08\/10\/previsao-do-tempo-variacao-entre-muitas-e-poucas-nuvens-predomina-no-sudeste-nesta-segunda-feira-11\/","title":{"rendered":"PREVIS\u00c3O DO TEMPO: varia\u00e7\u00e3o entre muitas e poucas nuvens predomina no Sudeste, nesta segunda-feira (11)"},"content":{"rendered":"<p>\t\t\t\t\t\t\t\t\t\t<audio controls class=\"b61_audio_player\" data-noticia=\"83904\" src=\"https:\/\/brasil61.com\/rails\/active_storage\/blobs\/eyJfcmFpbHMiOnsibWVzc2FnZSI6IkJBaHBBOW1GQXc9PSIsImV4cCI6bnVsbCwicHVyIjoiYmxvYl9pZCJ9fQ==--5dd6cfc485ad6fef3089f75c63e48d799c4bd597\/PTSD254150A\"><\/audio><\/p>\n<p>A segunda-feira (11), no Sudeste brasileiro, ser\u00e1 de c\u00e9u com varia\u00e7\u00e3o entre muitas e poucas nuvens.\u00a0<\/p>\n<p>Em uma parte do norte ao centro do Esp\u00edrito Santo, h\u00e1 previs\u00e3o de muitas nuvens e chuva isolada, em cidades como\u00a0Nova Ven\u00e9cia.\u00a0<\/p>\n<p>Para todo o estado de S\u00e3o Paulo, n\u00e3o h\u00e1 possibilidade de chuva, apenas predomin\u00e2ncia de poucas nuvens.\u00a0<\/p>\n<p>J\u00e1 para Minas Gerais e Rio de Janeiro, a preval\u00eancia \u00e9 de varia\u00e7\u00e3o entre muitas e poucas nuvens, podendo chover nas regi\u00f5es de Jequitinhonha e Rio do Prado, no estado mineiro.\u00a0<\/p>\n<p>Entre as capitais, a temperatura m\u00ednima prevista \u00e9 de 8\u00b0C, em S\u00e3o Paulo. J\u00e1 a m\u00e1xima pode chegar a 25\u00b0C, em Belo Horizonte. A umidade relativa do ar varia entre 20% e 100%.\u00a0<\/p>\n<p>As informa\u00e7\u00f5es s\u00e3o do Instituto Nacional de Meteorologia.\u00a0<\/p>\n<p>\n\u00a0<\/p>\n<p>\t\t\t\t\t\t\t\t\t<img loading=\"lazy\" decoding=\"async\" src=\"https:\/\/brasil61.com\/api\/v1\/serve_pixel\/17677\/83904\" alt=\"Pixel Brasil 61\" class=\"b61_pixel\" width=\"0\" height=\"0\"><\/p>\n<input type=\"hidden\" id=\"baseurl\" value=\"https:\/\/noticiasdestaque.com.br\"><input type=\"hidden\" id=\"audio_nonce\" value=\"6f73a554f1\">","protected":false},"excerpt":{"rendered":"<p>Entre as capitais, a temperatura m\u00ednima prevista \u00e9 de 8\u00b0C, em S\u00e3o Paulo. J\u00e1 a m\u00e1xima pode chegar a 25\u00b0C, em Belo Horizonte<\/p>\n","protected":false},"author":1,"featured_media":45063,"comment_status":"open","ping_status":"open","sticky":false,"template":"","format":"standard","meta":{"fifu_image_url":"","fifu_image_alt":"","footnotes":""},"categories":[58],"tags":[],"class_list":["post-45062","post","type-post","status-publish","format-standard","has-post-thumbnail","hentry","category-cotidiano"],"distributor_meta":false,"distributor_terms":false,"distributor_media":false,"distributor_original_site_name":"Noticias em Destaque","distributor_original_site_url":"https:\/\/noticiasdestaque.com.br","push-errors":false,"_links":{"self":[{"href":"https:\/\/noticiasdestaque.com.br\/index.php\/wp-json\/wp\/v2\/posts\/45062","targetHints":{"allow":["GET"]}}],"collection":[{"href":"https:\/\/noticiasdestaque.com.br\/index.php\/wp-json\/wp\/v2\/posts"}],"about":[{"href":"https:\/\/noticiasdestaque.com.br\/index.php\/wp-json\/wp\/v2\/types\/post"}],"author":[{"embeddable":true,"href":"https:\/\/noticiasdestaque.com.br\/index.php\/wp-json\/wp\/v2\/users\/1"}],"replies":[{"embeddable":true,"href":"https:\/\/noticiasdestaque.com.br\/index.php\/wp-json\/wp\/v2\/comments?post=45062"}],"version-history":[{"count":0,"href":"https:\/\/noticiasdestaque.com.br\/index.php\/wp-json\/wp\/v2\/posts\/45062\/revisions"}],"wp:featuredmedia":[{"embeddable":true,"href":"https:\/\/noticiasdestaque.com.br\/index.php\/wp-json\/wp\/v2\/media\/45063"}],"wp:attachment":[{"href":"https:\/\/noticiasdestaque.com.br\/index.php\/wp-json\/wp\/v2\/media?parent=45062"}],"wp:term":[{"taxonomy":"category","embeddable":true,"href":"https:\/\/noticiasdestaque.com.br\/index.php\/wp-json\/wp\/v2\/categories?post=45062"},{"taxonomy":"post_tag","embeddable":true,"href":"https:\/\/noticiasdestaque.com.br\/index.php\/wp-json\/wp\/v2\/tags?post=45062"}],"curies":[{"name":"wp","href":"https:\/\/api.w.org\/{rel}","templated":true}]}}