{"id":44970,"date":"2025-08-03T01:00:00","date_gmt":"2025-08-03T04:00:00","guid":{"rendered":"https:\/\/noticiasdestaque.com.br\/index.php\/2025\/08\/03\/infogripe-casos-de-srag-em-criancas-aumentam-em-alguns-estados\/"},"modified":"2025-08-03T01:00:00","modified_gmt":"2025-08-03T04:00:00","slug":"infogripe-casos-de-srag-em-criancas-aumentam-em-alguns-estados","status":"publish","type":"post","link":"https:\/\/noticiasdestaque.com.br\/index.php\/2025\/08\/03\/infogripe-casos-de-srag-em-criancas-aumentam-em-alguns-estados\/","title":{"rendered":"InfoGripe: casos de SRAG em crian\u00e7as aumentam em alguns estados"},"content":{"rendered":"<p>\t\t\t\t\t\t\t\t\t\t<audio controls class=\"b61_audio_player\" data-noticia=\"83765\" src=\"https:\/\/brasil61.com\/rails\/active_storage\/blobs\/eyJfcmFpbHMiOnsibWVzc2FnZSI6IkJBaHBBNWVBQXc9PSIsImV4cCI6bnVsbCwicHVyIjoiYmxvYl9pZCJ9fQ==--7cd7f8ca93105d0806fa19b883cf60f77c0a093f\/BRAS2514440A\"><\/audio><\/p>\n<p>A \u00faltima atualiza\u00e7\u00e3o do <strong>Boletim InfoGripe da Fiocruz<\/strong>, divulgada nesta quinta-feira (31), relata um <strong>aumento no n\u00famero de casos de S\u00edndrome Respirat\u00f3ria Aguda Grave (SRAG) em crian\u00e7as pequenas associados ao v\u00edrus sincicial respirat\u00f3rio (VSR) <\/strong>nos estados do Amazonas, Roraima e Rio Grande do Norte. O estudo epidemiol\u00f3gico tamb\u00e9m aponta para uma retomada do crescimento da faixa et\u00e1ria no Rio Grande do Sul.<\/p>\n<p>Em contraste, <strong>no cen\u00e1rio nacional, as ocorr\u00eancias associadas ao VSR e \u00e0 influenza A seguem em queda na maior parte do pa\u00eds<\/strong>. O quadro reflete uma tend\u00eancia de redu\u00e7\u00e3o nas hospitaliza\u00e7\u00f5es causadas por esses v\u00edrus, embora a incid\u00eancia ainda seja elevada. A pesquisa \u00e9 referente \u00e0 Semana Epidemiol\u00f3gica 30, de 20 a 26 de julho.<\/p>\n<p>A pesquisadora Tatiana Portella, do Programa de Computa\u00e7\u00e3o Cient\u00edfica da Fiocruz e do InfoGripe, refor\u00e7a a import\u00e2ncia da ado\u00e7\u00e3o de medidas preventivas para evitar o aumento dos casos.\u00a0<\/p>\n<p>\u201cPedimos para que as pessoas que moram nos estados onde ainda se observa uma alta de casos de SRAG\u00a0continuem tomando alguns cuidados, como usar m\u00e1scaras dentro dos postos de sa\u00fade, em locais mais fechados e com maior aglomera\u00e7\u00e3o de pessoas\u201d, reitera.<\/p>\n<h2>SRAG permanece elevada em 20 estados<\/h2>\n<p>O Boletim aponta a incid\u00eancia elevada de SRAG em 20 estados, mas sem tend\u00eancia de crescimento no longo prazo.<\/p>\n<p>Em rela\u00e7\u00e3o aos casos de SRAG entre crian\u00e7as pequenas, associados ao VSR, <strong>os n\u00edveis permanecem altos na maioria das unidades da federa\u00e7\u00e3o<\/strong>, com exce\u00e7\u00e3o do Amap\u00e1, Esp\u00edrito Santo, Piau\u00ed, Tocantins, e do Distrito Federal.\u00a0<\/p>\n<p>J\u00e1 entre os idosos, as ocorr\u00eancias de SRAG seguem em n\u00edveis de moderada a alta em diversas \u00e1reas das regi\u00f5es Centro-Sul, Norte e Nordeste, com destaque para o estado do <strong>Par\u00e1<\/strong>, que <strong>registra ind\u00edcios de retomada ou in\u00edcio de aumento de casos na popula\u00e7\u00e3o idosa<\/strong>, por\u00e9m ainda sem identifica\u00e7\u00e3o do agente viral.<\/p>\n<h2>Covid-19<\/h2>\n<p>A an\u00e1lise tamb\u00e9m revela que as notifica\u00e7\u00f5es dos <strong>casos graves por Covid-19 seguem em baixa na maioria dos estados<\/strong>. No entanto, o <strong>Cear\u00e1 tem mostrado ind\u00edcios de crescimento<\/strong> dos casos de SRAG pelo v\u00edrus.<\/p>\n<p>Com o objetivo de conter o avan\u00e7o, a pesquisadora enfatiza a relev\u00e2ncia de manter a carteira de vacina\u00e7\u00e3o atualizada.<\/p>\n<p>\u201cPor isso, a gente vem aqui refor\u00e7ar a import\u00e2ncia das pessoas estarem em dia com a vacina\u00e7\u00e3o contra o v\u00edrus da influenza e tamb\u00e9m contra o v\u00edrus da Covid-19, j\u00e1 que a vacina contra esses v\u00edrus \u00e9 a principal forma de preven\u00e7\u00e3o contra os casos graves\u201d, afirma Portella.<\/p>\n<h2>Cen\u00e1rio nacional<\/h2>\n<p>Ao longo do ano epidemiol\u00f3gico de 2025, j\u00e1 foram notificados 145.517 casos de SRAG, sendo 53,4% com resultado laboratorial positivo para algum v\u00edrus respirat\u00f3rio. Dentre os casos positivos:<\/p>\n<table>\n<thead>\n<tr>\n<th>V\u00edrus<\/th>\n<th>Preval\u00eancia (%)<\/th>\n<\/tr>\n<\/thead>\n<tbody>\n<tr>\n<td>V\u00edrus Sincicial Respirat\u00f3rio (VSR)<\/td>\n<td>46,1%<\/td>\n<\/tr>\n<tr>\n<td>Influenza A<\/td>\n<td>26,1%<\/td>\n<\/tr>\n<tr>\n<td>Rinov\u00edrus<\/td>\n<td>23,2%<\/td>\n<\/tr>\n<tr>\n<td>Sars-CoV-2 (Covid-19)<\/td>\n<td>7%<\/td>\n<\/tr>\n<tr>\n<td>Influenza B<\/td>\n<td>1,1%<\/td>\n<\/tr>\n<\/tbody>\n<\/table>\n<p>As \u00faltimas quatro semanas epidemiol\u00f3gicas apontam que o VSR \u00e9 o v\u00edrus mais detectado entre os casos positivos, seguido por rinov\u00edrus e influenza A.\u00a0<\/p>\n<table>\n<thead>\n<tr>\n<th>V\u00edrus<\/th>\n<th>Preval\u00eancia (%)<\/th>\n<\/tr>\n<\/thead>\n<tbody>\n<tr>\n<td>V\u00edrus Sincicial Respirat\u00f3rio (VSR)<\/td>\n<td>47,7%<\/td>\n<\/tr>\n<tr>\n<td>Influenza A<\/td>\n<td>17,4%<\/td>\n<\/tr>\n<tr>\n<td>Rinov\u00edrus<\/td>\n<td>31%<\/td>\n<\/tr>\n<tr>\n<td>Sars-CoV-2 (Covid-19)<\/td>\n<td>4%<\/td>\n<\/tr>\n<tr>\n<td>Influenza B<\/td>\n<td>1,5%<\/td>\n<\/tr>\n<\/tbody>\n<\/table>\n<p>Entre os \u00f3bitos registrados no mesmo recorte temporal, a influenza A \u00e9 a principal respons\u00e1vel.<\/p>\n<table>\n<thead>\n<tr>\n<th>V\u00edrus<\/th>\n<th>Preval\u00eancia (%)<\/th>\n<\/tr>\n<\/thead>\n<tbody>\n<tr>\n<td>V\u00edrus Sincicial Respirat\u00f3rio (VSR)<\/td>\n<td>17,7%<\/td>\n<\/tr>\n<tr>\n<td>Influenza A<\/td>\n<td>57,6%<\/td>\n<\/tr>\n<tr>\n<td>Rinov\u00edrus<\/td>\n<td>15,3%<\/td>\n<\/tr>\n<tr>\n<td>Sars-CoV-2 (Covid-19)<\/td>\n<td>6,4%<\/td>\n<\/tr>\n<tr>\n<td>Influenza B<\/td>\n<td>2,6%<\/td>\n<\/tr>\n<\/tbody>\n<\/table>\n<p>\t\t\t\t\t\t\t\t\t<img loading=\"lazy\" decoding=\"async\" src=\"https:\/\/brasil61.com\/api\/v1\/serve_pixel\/17677\/83765\" alt=\"Pixel Brasil 61\" class=\"b61_pixel\" width=\"0\" height=\"0\"><\/p>\n<input type=\"hidden\" id=\"baseurl\" value=\"https:\/\/noticiasdestaque.com.br\"><input type=\"hidden\" id=\"audio_nonce\" value=\"6f73a554f1\">","protected":false},"excerpt":{"rendered":"<p>Apesar do cen\u00e1rio nacional seguir em queda, os estados do Amazonas, Roraima, Rio Grande do Norte e Rio Grande do Sul registram aumento de ocorr\u00eancias na faixa et\u00e1ria, associados ao VSR<\/p>\n","protected":false},"author":1,"featured_media":44971,"comment_status":"open","ping_status":"open","sticky":false,"template":"","format":"standard","meta":{"fifu_image_url":"","fifu_image_alt":"","footnotes":""},"categories":[51],"tags":[],"class_list":["post-44970","post","type-post","status-publish","format-standard","has-post-thumbnail","hentry","category-saude"],"distributor_meta":false,"distributor_terms":false,"distributor_media":false,"distributor_original_site_name":"Noticias em Destaque","distributor_original_site_url":"https:\/\/noticiasdestaque.com.br","push-errors":false,"_links":{"self":[{"href":"https:\/\/noticiasdestaque.com.br\/index.php\/wp-json\/wp\/v2\/posts\/44970","targetHints":{"allow":["GET"]}}],"collection":[{"href":"https:\/\/noticiasdestaque.com.br\/index.php\/wp-json\/wp\/v2\/posts"}],"about":[{"href":"https:\/\/noticiasdestaque.com.br\/index.php\/wp-json\/wp\/v2\/types\/post"}],"author":[{"embeddable":true,"href":"https:\/\/noticiasdestaque.com.br\/index.php\/wp-json\/wp\/v2\/users\/1"}],"replies":[{"embeddable":true,"href":"https:\/\/noticiasdestaque.com.br\/index.php\/wp-json\/wp\/v2\/comments?post=44970"}],"version-history":[{"count":0,"href":"https:\/\/noticiasdestaque.com.br\/index.php\/wp-json\/wp\/v2\/posts\/44970\/revisions"}],"wp:featuredmedia":[{"embeddable":true,"href":"https:\/\/noticiasdestaque.com.br\/index.php\/wp-json\/wp\/v2\/media\/44971"}],"wp:attachment":[{"href":"https:\/\/noticiasdestaque.com.br\/index.php\/wp-json\/wp\/v2\/media?parent=44970"}],"wp:term":[{"taxonomy":"category","embeddable":true,"href":"https:\/\/noticiasdestaque.com.br\/index.php\/wp-json\/wp\/v2\/categories?post=44970"},{"taxonomy":"post_tag","embeddable":true,"href":"https:\/\/noticiasdestaque.com.br\/index.php\/wp-json\/wp\/v2\/tags?post=44970"}],"curies":[{"name":"wp","href":"https:\/\/api.w.org\/{rel}","templated":true}]}}