{"id":44922,"date":"2025-08-04T02:00:00","date_gmt":"2025-08-04T05:00:00","guid":{"rendered":"https:\/\/noticiasdestaque.com.br\/index.php\/2025\/08\/04\/congresso-retoma-atividades-com-foco-em-orcamento-reforma-e-pressao-politica\/"},"modified":"2025-08-04T02:00:00","modified_gmt":"2025-08-04T05:00:00","slug":"congresso-retoma-atividades-com-foco-em-orcamento-reforma-e-pressao-politica","status":"publish","type":"post","link":"https:\/\/noticiasdestaque.com.br\/index.php\/2025\/08\/04\/congresso-retoma-atividades-com-foco-em-orcamento-reforma-e-pressao-politica\/","title":{"rendered":"Congresso retoma atividades com foco em or\u00e7amento, reforma e press\u00e3o pol\u00edtica"},"content":{"rendered":"<p>\t\t\t\t\t\t\t\t\t\t<audio controls class=\"b61_audio_player\" data-noticia=\"83744\" src=\"https:\/\/brasil61.com\/rails\/active_storage\/blobs\/eyJfcmFpbHMiOnsibWVzc2FnZSI6IkJBaHBBMXFBQXc9PSIsImV4cCI6bnVsbCwicHVyIjoiYmxvYl9pZCJ9fQ==--ad20e0cb3cd69aed836cb048ab055d6126d78ee5\/BRAS2514435A\"><\/audio><\/p>\n<p>Ap\u00f3s o recesso de julho, o<strong> Congresso Nacional<\/strong> retoma suas atividades nesta segunda-feira (4) com uma agenda carregada e marcada por impasses. A prioridade imediata \u00e9 a vota\u00e7\u00e3o da<strong> Lei de Diretrizes Or\u00e7ament\u00e1rias (LDO)<\/strong>, cujo atraso pode comprometer o envio da proposta or\u00e7ament\u00e1ria de 2026. Deputados e senadores ter\u00e3o entre os dias 5 e 14 de agosto para apresentar emendas ao texto, que projeta um super\u00e1vit de R$ 34,2 bilh\u00f5es e corte progressivo das despesas n\u00e3o obrigat\u00f3rias.<\/p>\n<p>Al\u00e9m da <strong>LDO<\/strong>, a reforma administrativa deve voltar ao centro das aten\u00e7\u00f5es. Embora ainda n\u00e3o tenha um calend\u00e1rio definido, o tema \u00e9 defendido por setores do governo como essencial para destravar o ajuste fiscal. O segundo semestre tamb\u00e9m come\u00e7a sob press\u00e3o do Supremo Tribunal Federal, que cobrou do Legislativo a regulamenta\u00e7\u00e3o da licen\u00e7a-paternidade \u2014 tema que j\u00e1 conta com propostas prontas para vota\u00e7\u00e3o na <strong>C\u00e2mara <\/strong>e em discuss\u00e3o no Senado.<\/p>\n<p>Na C\u00e2mara, cresce a expectativa pela poss\u00edvel vota\u00e7\u00e3o do parecer sobre a cassa\u00e7\u00e3o da deputada Carla Zambelli (PL-SP). Condenada pelo STF a dez anos de pris\u00e3o e perda do mandato, a parlamentar ainda aguarda a entrega do relat\u00f3rio na<strong> Comiss\u00e3o de Constitui\u00e7\u00e3o e Justi\u00e7a (CCJ)<\/strong>. O prazo come\u00e7a a contar com a retomada das sess\u00f5es plen\u00e1rias\u00a0e a decis\u00e3o pode vir ainda em agosto.<\/p>\n<p>Outro ponto de tens\u00e3o envolve as mo\u00e7\u00f5es de apoio ao ex-presidente Jair Bolsonaro, que seus aliados tentaram votar durante o recesso, mas foram impedidos por decis\u00e3o do presidente da C\u00e2mara, Hugo Motta. A oposi\u00e7\u00e3o promete retomar a articula\u00e7\u00e3o nesta semana, pressionando para que as comiss\u00f5es da Casa incluam manifesta\u00e7\u00f5es formais contra as medidas judiciais impostas a Bolsonaro.<\/p>\n<p>Nos bastidores, parlamentares ligados ao setor produtivo tamb\u00e9m devem discutir os impactos do <strong>tarifa\u00e7o dos EUA<\/strong> sobre produtos brasileiros. A Confedera\u00e7\u00e3o Nacional da Ind\u00fastria (CNI) j\u00e1 apresentou propostas ao governo para reduzir os danos \u00e0s exporta\u00e7\u00f5es\u00a0e congressistas da Frente Parlamentar do Com\u00e9rcio e Ind\u00fastria articulam audi\u00eancias para debater medidas de apoio \u00e0s empresas afetadas.<\/p>\n<p>\t\t\t\t\t\t\t\t\t<img loading=\"lazy\" decoding=\"async\" src=\"https:\/\/brasil61.com\/api\/v1\/serve_pixel\/17677\/83744\" alt=\"Pixel Brasil 61\" class=\"b61_pixel\" width=\"0\" height=\"0\"><\/p>\n<input type=\"hidden\" id=\"baseurl\" value=\"https:\/\/noticiasdestaque.com.br\"><input type=\"hidden\" id=\"audio_nonce\" value=\"6a24ca502e\">","protected":false},"excerpt":{"rendered":"<p>LDO atrasada, licen\u00e7a-paternidade e clima tenso com oposi\u00e7\u00e3o marcam primeira semana de agosto no Parlamento<\/p>\n","protected":false},"author":1,"featured_media":44923,"comment_status":"open","ping_status":"open","sticky":false,"template":"","format":"standard","meta":{"fifu_image_url":"","fifu_image_alt":"","footnotes":""},"categories":[50],"tags":[],"class_list":["post-44922","post","type-post","status-publish","format-standard","has-post-thumbnail","hentry","category-politica"],"distributor_meta":false,"distributor_terms":false,"distributor_media":false,"distributor_original_site_name":"Noticias em Destaque","distributor_original_site_url":"https:\/\/noticiasdestaque.com.br","push-errors":false,"_links":{"self":[{"href":"https:\/\/noticiasdestaque.com.br\/index.php\/wp-json\/wp\/v2\/posts\/44922","targetHints":{"allow":["GET"]}}],"collection":[{"href":"https:\/\/noticiasdestaque.com.br\/index.php\/wp-json\/wp\/v2\/posts"}],"about":[{"href":"https:\/\/noticiasdestaque.com.br\/index.php\/wp-json\/wp\/v2\/types\/post"}],"author":[{"embeddable":true,"href":"https:\/\/noticiasdestaque.com.br\/index.php\/wp-json\/wp\/v2\/users\/1"}],"replies":[{"embeddable":true,"href":"https:\/\/noticiasdestaque.com.br\/index.php\/wp-json\/wp\/v2\/comments?post=44922"}],"version-history":[{"count":0,"href":"https:\/\/noticiasdestaque.com.br\/index.php\/wp-json\/wp\/v2\/posts\/44922\/revisions"}],"wp:featuredmedia":[{"embeddable":true,"href":"https:\/\/noticiasdestaque.com.br\/index.php\/wp-json\/wp\/v2\/media\/44923"}],"wp:attachment":[{"href":"https:\/\/noticiasdestaque.com.br\/index.php\/wp-json\/wp\/v2\/media?parent=44922"}],"wp:term":[{"taxonomy":"category","embeddable":true,"href":"https:\/\/noticiasdestaque.com.br\/index.php\/wp-json\/wp\/v2\/categories?post=44922"},{"taxonomy":"post_tag","embeddable":true,"href":"https:\/\/noticiasdestaque.com.br\/index.php\/wp-json\/wp\/v2\/tags?post=44922"}],"curies":[{"name":"wp","href":"https:\/\/api.w.org\/{rel}","templated":true}]}}